{"id":6388,"date":"2016-09-13T18:38:18","date_gmt":"2016-09-13T16:38:18","guid":{"rendered":"http:\/\/blog.nedgis.com\/?p=6388"},"modified":"2023-01-05T16:28:12","modified_gmt":"2023-01-05T14:28:12","slug":"maison-et-objet-edition-septembre-2016-voici-nos-coups-de-coeur-du-salon","status":"publish","type":"post","link":"https:\/\/blog.nedgis.com\/es\/2016\/09\/13\/maison-et-objet-edition-septembre-2016-voici-nos-coups-de-coeur-du-salon\/","title":{"rendered":"Maison et Objet &#8211; Edition Septembre 2016 : Voici nos coups de c\u0153ur du salon&#8230;"},"content":{"rendered":"<p>Ce vendredi 2 Septembre, l&rsquo;\u00e9quipe Nedgis s&rsquo;est rendue au Parc d&rsquo;Exposition \u00e0 Villepinte, comme pr\u00e9vu, pour l&rsquo;inauguration de la deuxi\u00e8me \u00e9dition de Maison et Objet 2016.<\/p>\n<hr \/>\n<p>\u00c9v\u00e9nement qui a accueilli plus de 3000 marques internationales de l&rsquo;univers du design, de la d\u00e9coration, de l&rsquo;art de table&#8230; ! Voici notre bilan sur le salon et nos coups de c\u0153ur\u2026<\/p>\n<p>Cette ann\u00e9e, le salon a eu comme th\u00e9matique, House of Games, concept cr\u00e9\u00e9 par Vincent Gr\u00e9goire, avec l&rsquo;objectif de dynamiser, de surprendre et de captiver le public pr\u00e9sent. La th\u00e9matique de cette ann\u00e9e,\u00a0 est d&rsquo;ailleurs une contraction des titres des deux s\u00e9ries phares du moment \u00ab\u00a0House of Cards\u00a0\u00bb et \u00ab\u00a0Game of Thrones\u00a0\u00bb.<\/p>\n<p><img data-recalc-dims=\"1\" loading=\"lazy\" decoding=\"async\" data-attachment-id=\"6412\" data-permalink=\"https:\/\/blog.nedgis.com\/es\/2016\/09\/13\/maison-et-objet-edition-septembre-2016-voici-nos-coups-de-coeur-du-salon\/houseofgames\/\" data-orig-file=\"https:\/\/i0.wp.com\/blog.nedgis.com\/wp-content\/uploads\/2016\/09\/houseofgames.jpg?fit=640%2C582&amp;ssl=1\" data-orig-size=\"640,582\" data-comments-opened=\"1\" data-image-meta=\"{&quot;aperture&quot;:&quot;0&quot;,&quot;credit&quot;:&quot;&quot;,&quot;camera&quot;:&quot;&quot;,&quot;caption&quot;:&quot;&quot;,&quot;created_timestamp&quot;:&quot;0&quot;,&quot;copyright&quot;:&quot;&quot;,&quot;focal_length&quot;:&quot;0&quot;,&quot;iso&quot;:&quot;0&quot;,&quot;shutter_speed&quot;:&quot;0&quot;,&quot;title&quot;:&quot;&quot;,&quot;orientation&quot;:&quot;0&quot;}\" data-image-title=\"Maison &amp;amp; Objet &amp;#8211; Edition Septembre 2016 : Voici nos coups de c\u0153ur du salon&amp;#8230;\" data-image-description=\"\" data-image-caption=\"\" data-large-file=\"https:\/\/i0.wp.com\/blog.nedgis.com\/wp-content\/uploads\/2016\/09\/houseofgames.jpg?fit=640%2C582&amp;ssl=1\" class=\"aligncenter wp-image-6412 size-full\" title=\"Maison &amp; Objet - Edition Septembre 2016 : Voici nos coups de c\u0153ur du salon...\" src=\"https:\/\/i0.wp.com\/blog.nedgis.com\/wp-content\/uploads\/2016\/09\/houseofgames.jpg?resize=640%2C582&#038;ssl=1\" alt=\"Maison &amp; Objet - Edition Septembre 2016 : Voici nos coups de c\u0153ur du salon...\" width=\"640\" height=\"582\" \/><\/p>\n<p>A l&rsquo;entr\u00e9e du Hall 7, nous trouvons \u00ab\u00a0La For\u00eat aux Lampes R\u00e9sonnantes\u00a0\u00bb ,un espace luminaire hors du commun con\u00e7u par teamLab. Le concept : une pi\u00e8ce remplie de suspensions, avec un abat-jour en verre de Murano, souffl\u00e9 \u00e0 la bouche, qui sont reli\u00e9es \u00e0 un r\u00e9seau. Quand une personne s&rsquo;approche d&rsquo;une des suspensions, celle-ci \u00e9met une lumi\u00e8re vive, en suite cette lumi\u00e8re se propage vers les deux suspensions les plus proches, et puis vers les autres lampes dans la salle, cr\u00e9ant un mouvement luminaire. Calme, tranquillit\u00e9, z\u00e9nitude, sont les ressentis que nous avons pu avoir en \u00e9tant dans cette pi\u00e8ce, une exp\u00e9rience incroyable !<\/p>\n<p><img data-recalc-dims=\"1\" loading=\"lazy\" decoding=\"async\" data-attachment-id=\"6391\" data-permalink=\"https:\/\/blog.nedgis.com\/es\/2016\/09\/13\/maison-et-objet-edition-septembre-2016-voici-nos-coups-de-coeur-du-salon\/img_1346\/\" data-orig-file=\"https:\/\/i0.wp.com\/blog.nedgis.com\/wp-content\/uploads\/2016\/09\/img_1346.jpg?fit=2693%2C2448&amp;ssl=1\" data-orig-size=\"2693,2448\" data-comments-opened=\"1\" data-image-meta=\"{&quot;aperture&quot;:&quot;2.2&quot;,&quot;credit&quot;:&quot;&quot;,&quot;camera&quot;:&quot;iPhone 6&quot;,&quot;caption&quot;:&quot;&quot;,&quot;created_timestamp&quot;:&quot;1472810804&quot;,&quot;copyright&quot;:&quot;&quot;,&quot;focal_length&quot;:&quot;4.15&quot;,&quot;iso&quot;:&quot;250&quot;,&quot;shutter_speed&quot;:&quot;0.04&quot;,&quot;title&quot;:&quot;&quot;,&quot;orientation&quot;:&quot;0&quot;,&quot;latitude&quot;:&quot;48.970519444444&quot;,&quot;longitude&quot;:&quot;2.5152527777778&quot;}\" data-image-title=\"img_1346\" data-image-description=\"\" data-image-caption=\"\" data-large-file=\"https:\/\/i0.wp.com\/blog.nedgis.com\/wp-content\/uploads\/2016\/09\/img_1346.jpg?fit=1024%2C931&amp;ssl=1\" class=\"aligncenter wp-image-6391 size-large\" title=\"Maison &amp; Objet - Edition Septembre 2016 : Voici nos coups de c\u0153ur du salon...\" src=\"https:\/\/i0.wp.com\/blog.nedgis.com\/wp-content\/uploads\/2016\/09\/img_1346.jpg?resize=700%2C636&#038;ssl=1\" alt=\"Maison &amp; Objet - Edition Septembre 2016 : Voici nos coups de c\u0153ur du salon...\" width=\"700\" height=\"636\" \/><\/p>\n<p>Nous avons pu c\u00f4toyer des hollandais, des danois, des allemands, des portugais, des sud-africains, et bien s\u00fbr des fran\u00e7ais, quelques un d\u00e9j\u00e0 renomm\u00e9s dans le milieu du design et d&rsquo;autres qui cherchent \u00e0 montrer leur savoir faire et \u00e0 se faire conna\u00eetre.<\/p>\n<p>Voici nos coups de c\u0153ur Nedgis :<\/p>\n<p>1. Structures :\u00a0 Fond\u00e9e en 2012 par deux nantais Nicolas Pichelin et Jean-Fran\u00e7ois Michon, cette marque 100% Made in France, qui vu une grande \u00e9volution depuis ces derniers ann\u00e9es. Ils nous pr\u00e9sentent leur 3 nouveaut\u00e9s : l&rsquo;incroyable INO, un lampadaire design, aux formes \u00e9pur\u00e9es et fonctionnel, \u00e9quip\u00e9 de la technologie LED avec un variateur tactile \u00e0 son extr\u00e9mit\u00e9, un produit enti\u00e8rement con\u00e7u et fabriqu\u00e9 en France \u00e0 un prix tout \u00e0 fait raisonnable.<\/p>\n<p><img data-recalc-dims=\"1\" loading=\"lazy\" decoding=\"async\" data-attachment-id=\"6394\" data-permalink=\"https:\/\/blog.nedgis.com\/es\/2016\/09\/13\/maison-et-objet-edition-septembre-2016-voici-nos-coups-de-coeur-du-salon\/img_1382\/\" data-orig-file=\"https:\/\/i0.wp.com\/blog.nedgis.com\/wp-content\/uploads\/2016\/09\/img_1382.jpg?fit=2448%2C3264&amp;ssl=1\" data-orig-size=\"2448,3264\" data-comments-opened=\"1\" data-image-meta=\"{&quot;aperture&quot;:&quot;2.2&quot;,&quot;credit&quot;:&quot;&quot;,&quot;camera&quot;:&quot;iPhone 6&quot;,&quot;caption&quot;:&quot;&quot;,&quot;created_timestamp&quot;:&quot;1472821242&quot;,&quot;copyright&quot;:&quot;&quot;,&quot;focal_length&quot;:&quot;4.15&quot;,&quot;iso&quot;:&quot;40&quot;,&quot;shutter_speed&quot;:&quot;0.03030303030303&quot;,&quot;title&quot;:&quot;&quot;,&quot;orientation&quot;:&quot;1&quot;,&quot;latitude&quot;:&quot;48.969905555556&quot;,&quot;longitude&quot;:&quot;2.5154027777778&quot;}\" data-image-title=\"img_1382\" data-image-description=\"\" data-image-caption=\"\" data-large-file=\"https:\/\/i0.wp.com\/blog.nedgis.com\/wp-content\/uploads\/2016\/09\/img_1382.jpg?fit=768%2C1024&amp;ssl=1\" class=\"aligncenter wp-image-6394 size-large\" title=\"Maison &amp; Objet - Edition Septembre 2016 : Voici nos coups de c\u0153ur du salon...\" src=\"https:\/\/i0.wp.com\/blog.nedgis.com\/wp-content\/uploads\/2016\/09\/img_1382.jpg?resize=700%2C933&#038;ssl=1\" alt=\"Maison &amp; Objet - Edition Septembre 2016 : Voici nos coups de c\u0153ur du salon...\" width=\"700\" height=\"933\" \/><\/p>\n<p>Wish, une petite pi\u00e8ce luminaire fabriqu\u00e9e \u00e0 la main, qui suscite les r\u00eaves et qui cr\u00e9e une atmosph\u00e8re hors du commun.<\/p>\n<p><img data-recalc-dims=\"1\" loading=\"lazy\" decoding=\"async\" data-attachment-id=\"6393\" data-permalink=\"https:\/\/blog.nedgis.com\/es\/2016\/09\/13\/maison-et-objet-edition-septembre-2016-voici-nos-coups-de-coeur-du-salon\/img_1381\/\" data-orig-file=\"https:\/\/i0.wp.com\/blog.nedgis.com\/wp-content\/uploads\/2016\/09\/img_1381.jpg?fit=2484%2C2258&amp;ssl=1\" data-orig-size=\"2484,2258\" data-comments-opened=\"1\" data-image-meta=\"{&quot;aperture&quot;:&quot;2.2&quot;,&quot;credit&quot;:&quot;&quot;,&quot;camera&quot;:&quot;iPhone 6&quot;,&quot;caption&quot;:&quot;&quot;,&quot;created_timestamp&quot;:&quot;1472821221&quot;,&quot;copyright&quot;:&quot;&quot;,&quot;focal_length&quot;:&quot;4.15&quot;,&quot;iso&quot;:&quot;80&quot;,&quot;shutter_speed&quot;:&quot;0.03030303030303&quot;,&quot;title&quot;:&quot;&quot;,&quot;orientation&quot;:&quot;0&quot;,&quot;latitude&quot;:&quot;48.969422222222&quot;,&quot;longitude&quot;:&quot;2.5154777777778&quot;}\" data-image-title=\"img_1381\" data-image-description=\"\" data-image-caption=\"\" data-large-file=\"https:\/\/i0.wp.com\/blog.nedgis.com\/wp-content\/uploads\/2016\/09\/img_1381.jpg?fit=1024%2C931&amp;ssl=1\" class=\"aligncenter wp-image-6393 size-large\" title=\"Maison &amp; Objet - Edition Septembre 2016 : Voici nos coups de c\u0153ur du salon...\" src=\"https:\/\/i0.wp.com\/blog.nedgis.com\/wp-content\/uploads\/2016\/09\/img_1381.jpg?resize=700%2C636&#038;ssl=1\" alt=\"Maison &amp; Objet - Edition Septembre 2016 : Voici nos coups de c\u0153ur du salon...\" width=\"700\" height=\"636\" \/><\/p>\n<p>Et bien s\u00fbr, la WaAf, la mascotte de <span style=\"color: #000080\">Structures<\/span> sort dans un nouveau coloris, rouge carmin, elle apporte une touche de couleur et d&rsquo;originalit\u00e9 \u00e0 toute type de pi\u00e8ce.<\/p>\n<p><a href=\"https:\/\/www.nedgis.com\/brands\/structures\"><img data-recalc-dims=\"1\" loading=\"lazy\" decoding=\"async\" data-attachment-id=\"6395\" data-permalink=\"https:\/\/blog.nedgis.com\/es\/2016\/09\/13\/maison-et-objet-edition-septembre-2016-voici-nos-coups-de-coeur-du-salon\/img_1385\/\" data-orig-file=\"https:\/\/i0.wp.com\/blog.nedgis.com\/wp-content\/uploads\/2016\/09\/img_1385.jpg?fit=2375%2C2159&amp;ssl=1\" data-orig-size=\"2375,2159\" data-comments-opened=\"1\" data-image-meta=\"{&quot;aperture&quot;:&quot;2.2&quot;,&quot;credit&quot;:&quot;&quot;,&quot;camera&quot;:&quot;iPhone 6&quot;,&quot;caption&quot;:&quot;&quot;,&quot;created_timestamp&quot;:&quot;1472822630&quot;,&quot;copyright&quot;:&quot;&quot;,&quot;focal_length&quot;:&quot;4.15&quot;,&quot;iso&quot;:&quot;200&quot;,&quot;shutter_speed&quot;:&quot;0.03030303030303&quot;,&quot;title&quot;:&quot;&quot;,&quot;orientation&quot;:&quot;0&quot;,&quot;latitude&quot;:&quot;48.969672222222&quot;,&quot;longitude&quot;:&quot;2.5154111111111&quot;}\" data-image-title=\"img_1385\" data-image-description=\"\" data-image-caption=\"\" data-large-file=\"https:\/\/i0.wp.com\/blog.nedgis.com\/wp-content\/uploads\/2016\/09\/img_1385.jpg?fit=1024%2C931&amp;ssl=1\" class=\"aligncenter wp-image-6395 size-large\" title=\"Maison &amp; Objet - Edition Septembre 2016 : Voici nos coups de c\u0153ur du salon...\" src=\"https:\/\/i0.wp.com\/blog.nedgis.com\/wp-content\/uploads\/2016\/09\/img_1385.jpg?resize=700%2C636&#038;ssl=1\" alt=\"Maison &amp; Objet - Edition Septembre 2016 : Voici nos coups de c\u0153ur du salon...\" width=\"700\" height=\"636\" \/><\/a><\/p>\n<p>2. Bomma : Une d\u00e9couverte sublime, la maison d&rsquo;\u00e9dition tch\u00e8que Bomma travaille avec des designers du renom du monde entier, mais aussi, soutien des jeunes talents tch\u00e8ques. Le mati\u00e8res travaill\u00e9es : du verre souffl\u00e9 \u00e0 la bouche, du bois, du cristal, de la corde et du cuir, chaque cr\u00e9ation est unique dans son genre.<\/p>\n<p>Notre coup de c\u0153ur est la suspension SHIBARI, cr\u00e9\u00e9 par la jeune cr\u00e9atrice Katerina Handlova, qui s&rsquo;inspire de la beaut\u00e9 du m\u00e9thode japonais d&rsquo;attacher des objets avec des cordes.<\/p>\n<p><img data-recalc-dims=\"1\" loading=\"lazy\" decoding=\"async\" data-attachment-id=\"6408\" data-permalink=\"https:\/\/blog.nedgis.com\/es\/2016\/09\/13\/maison-et-objet-edition-septembre-2016-voici-nos-coups-de-coeur-du-salon\/1-8\/\" data-orig-file=\"https:\/\/i0.wp.com\/blog.nedgis.com\/wp-content\/uploads\/2016\/09\/1.jpg?fit=1168%2C1062&amp;ssl=1\" data-orig-size=\"1168,1062\" data-comments-opened=\"1\" data-image-meta=\"{&quot;aperture&quot;:&quot;0&quot;,&quot;credit&quot;:&quot;&quot;,&quot;camera&quot;:&quot;&quot;,&quot;caption&quot;:&quot;&quot;,&quot;created_timestamp&quot;:&quot;0&quot;,&quot;copyright&quot;:&quot;&quot;,&quot;focal_length&quot;:&quot;0&quot;,&quot;iso&quot;:&quot;0&quot;,&quot;shutter_speed&quot;:&quot;0&quot;,&quot;title&quot;:&quot;&quot;,&quot;orientation&quot;:&quot;0&quot;}\" data-image-title=\"1\" data-image-description=\"\" data-image-caption=\"\" data-large-file=\"https:\/\/i0.wp.com\/blog.nedgis.com\/wp-content\/uploads\/2016\/09\/1.jpg?fit=1024%2C931&amp;ssl=1\" class=\"aligncenter wp-image-6408 size-large\" title=\"Maison &amp; Objet - Edition Septembre 2016 : Voici nos coups de c\u0153ur du salon...\" src=\"https:\/\/i0.wp.com\/blog.nedgis.com\/wp-content\/uploads\/2016\/09\/1.jpg?resize=700%2C636&#038;ssl=1\" alt=\"Maison &amp; Objet - Edition Septembre 2016 : Voici nos coups de c\u0153ur du salon...\" width=\"700\" height=\"636\" \/><\/p>\n<p>Sign\u00e9e par la m\u00eame cr\u00e9atrice, nous avons d\u00e9couvert aussi la TIED-UP ROMANCE, qui allie parfaitement le verre et le cuir, pour incarner une beaut\u00e9 dramatique.<\/p>\n<p><img data-recalc-dims=\"1\" loading=\"lazy\" decoding=\"async\" data-attachment-id=\"6409\" data-permalink=\"https:\/\/blog.nedgis.com\/es\/2016\/09\/13\/maison-et-objet-edition-septembre-2016-voici-nos-coups-de-coeur-du-salon\/2-5\/\" data-orig-file=\"https:\/\/i0.wp.com\/blog.nedgis.com\/wp-content\/uploads\/2016\/09\/2.jpg?fit=1150%2C1045&amp;ssl=1\" data-orig-size=\"1150,1045\" data-comments-opened=\"1\" data-image-meta=\"{&quot;aperture&quot;:&quot;0&quot;,&quot;credit&quot;:&quot;&quot;,&quot;camera&quot;:&quot;&quot;,&quot;caption&quot;:&quot;&quot;,&quot;created_timestamp&quot;:&quot;0&quot;,&quot;copyright&quot;:&quot;&quot;,&quot;focal_length&quot;:&quot;0&quot;,&quot;iso&quot;:&quot;0&quot;,&quot;shutter_speed&quot;:&quot;0&quot;,&quot;title&quot;:&quot;&quot;,&quot;orientation&quot;:&quot;0&quot;}\" data-image-title=\"2\" data-image-description=\"\" data-image-caption=\"\" data-large-file=\"https:\/\/i0.wp.com\/blog.nedgis.com\/wp-content\/uploads\/2016\/09\/2.jpg?fit=1024%2C931&amp;ssl=1\" class=\"aligncenter wp-image-6409 size-large\" title=\"Maison &amp; Objet - Edition Septembre 2016 : Voici nos coups de c\u0153ur du salon...\" src=\"https:\/\/i0.wp.com\/blog.nedgis.com\/wp-content\/uploads\/2016\/09\/2.jpg?resize=700%2C636&#038;ssl=1\" alt=\"Maison &amp; Objet - Edition Septembre 2016 : Voici nos coups de c\u0153ur du salon...\" width=\"700\" height=\"636\" \/><\/p>\n<p>3. Ferm Living pr\u00e9sente Collect Lighting, leur premi\u00e8re collection de luminaires. La marque danoise repr\u00e9sente bien le style scandinave, toujours si \u00e9l\u00e9gante, classique et intemporelle. Le concept : cr\u00e9er une lampe personnalis\u00e9 \u00e0 l&rsquo;envie de chacun. Des pi\u00e8ces interchangeables pour combler toutes les envies dans votre int\u00e9rieur\u2026<\/p>\n<p><img data-recalc-dims=\"1\" decoding=\"async\" src=\"https:\/\/i0.wp.com\/www.madaboutthehouse.com\/wp-content\/uploads\/2016\/10\/collect-lighting-from-ferm-living.jpeg\" alt=\"Afficher l'image d'origine\" \/><\/p>\n<p>4. Dans le m\u00eame concept que Ferm Living, nous avons pu rencontrer Nordic Tales, une jeune marque danoise cr\u00e9\u00e9e en 2012\u2026 Ses cr\u00e9ations se caract\u00e9risent par une intemporalit\u00e9 et \u00e9l\u00e9gance remarquable. Le jeune cr\u00e9ateur Jonas Hoejhaard nous propose des luminaires design avec des pi\u00e8ces interchangeables, id\u00e9ales pour tout type de d\u00e9coration !<\/p>\n<p><img data-recalc-dims=\"1\" loading=\"lazy\" decoding=\"async\" data-attachment-id=\"6413\" data-permalink=\"https:\/\/blog.nedgis.com\/es\/2016\/09\/13\/maison-et-objet-edition-septembre-2016-voici-nos-coups-de-coeur-du-salon\/poet_collection\/\" data-orig-file=\"https:\/\/i0.wp.com\/blog.nedgis.com\/wp-content\/uploads\/2016\/09\/poet_collection.jpg?fit=1635%2C1486&amp;ssl=1\" data-orig-size=\"1635,1486\" data-comments-opened=\"1\" data-image-meta=\"{&quot;aperture&quot;:&quot;0&quot;,&quot;credit&quot;:&quot;&quot;,&quot;camera&quot;:&quot;&quot;,&quot;caption&quot;:&quot;&quot;,&quot;created_timestamp&quot;:&quot;0&quot;,&quot;copyright&quot;:&quot;&quot;,&quot;focal_length&quot;:&quot;0&quot;,&quot;iso&quot;:&quot;0&quot;,&quot;shutter_speed&quot;:&quot;0&quot;,&quot;title&quot;:&quot;&quot;,&quot;orientation&quot;:&quot;0&quot;}\" data-image-title=\"Maison &amp;amp; Objet &amp;#8211; Edition Septembre 2016 : Voici nos coups de c\u0153ur du salon&amp;#8230;\" data-image-description=\"\" data-image-caption=\"\" data-large-file=\"https:\/\/i0.wp.com\/blog.nedgis.com\/wp-content\/uploads\/2016\/09\/poet_collection.jpg?fit=1024%2C931&amp;ssl=1\" class=\"aligncenter wp-image-6413 size-large\" title=\"Maison &amp; Objet - Edition Septembre 2016 : Voici nos coups de c\u0153ur du salon...\" src=\"https:\/\/i0.wp.com\/blog.nedgis.com\/wp-content\/uploads\/2016\/09\/poet_collection.jpg?resize=700%2C636&#038;ssl=1\" alt=\"Maison &amp; Objet - Edition Septembre 2016 : Voici nos coups de c\u0153ur du salon...\" width=\"700\" height=\"636\" \/><\/p>\n<p>5. New Works, encore une autre maison danoise, qui confirme bien qu&rsquo;en mati\u00e8re de design ils savent se faire remarquer. Cette nouvelle marque respire un style scandinave, des appliques vivants, avec des motifs psych\u00e9d\u00e9liques et des suspensions et des lampadaires aux formes \u00e9pur\u00e9es. Leur derni\u00e8re cr\u00e9ation, un lampadaire con\u00e7u par un jeune designer fran\u00e7ais en plein croissance, Gaspard Graulich, \u00e0 voir\u2026<\/p>\n<p><img data-recalc-dims=\"1\" loading=\"lazy\" decoding=\"async\" data-attachment-id=\"6410\" data-permalink=\"https:\/\/blog.nedgis.com\/es\/2016\/09\/13\/maison-et-objet-edition-septembre-2016-voici-nos-coups-de-coeur-du-salon\/3-4\/\" data-orig-file=\"https:\/\/i0.wp.com\/blog.nedgis.com\/wp-content\/uploads\/2016\/09\/3.jpg?fit=498%2C453&amp;ssl=1\" data-orig-size=\"498,453\" data-comments-opened=\"1\" data-image-meta=\"{&quot;aperture&quot;:&quot;0&quot;,&quot;credit&quot;:&quot;&quot;,&quot;camera&quot;:&quot;&quot;,&quot;caption&quot;:&quot;&quot;,&quot;created_timestamp&quot;:&quot;1466527836&quot;,&quot;copyright&quot;:&quot;&quot;,&quot;focal_length&quot;:&quot;0&quot;,&quot;iso&quot;:&quot;0&quot;,&quot;shutter_speed&quot;:&quot;0&quot;,&quot;title&quot;:&quot;&quot;,&quot;orientation&quot;:&quot;0&quot;}\" data-image-title=\"Maison &amp;amp; Objet &amp;#8211; Edition Septembre 2016 : Voici nos coups de c\u0153ur du salon&amp;#8230;\" data-image-description=\"\" data-image-caption=\"\" data-large-file=\"https:\/\/i0.wp.com\/blog.nedgis.com\/wp-content\/uploads\/2016\/09\/3.jpg?fit=498%2C453&amp;ssl=1\" class=\"aligncenter wp-image-6410\" title=\"Maison &amp;amp; Objet - Edition Septembre 2016 : Voici nos coups de c\u0153ur du salon...\" src=\"https:\/\/i0.wp.com\/blog.nedgis.com\/wp-content\/uploads\/2016\/09\/3.jpg?resize=591%2C538&#038;ssl=1\" alt=\"Maison &amp; Objet - Edition Septembre 2016 : Voici nos coups de c\u0153ur du salon...\" width=\"591\" height=\"538\" \/><\/p>\n<p>6. La nouveaut\u00e9 chez H\u00e2rto cette ann\u00e9e :\u00a0 la lampe Nina cr\u00e9\u00e9e par Tristan Lohner, une lampe \u00e0 poser qui m\u00e9lange du ch\u00eane massif, du laiton et du m\u00e9tal laqu\u00e9 \u00e9pur\u00e9 simple au style scandinave, id\u00e9ale pour une table de chevet et ou un bureau, disponible en plusieurs coloris \u2026.<\/p>\n<p><img data-recalc-dims=\"1\" decoding=\"async\" src=\"https:\/\/i0.wp.com\/s3-eu-west-1.amazonaws.com\/nedgis\/public\/images\/products\/lampe-a-poser-nina-blanc-h41cm-harto\/gallery\/nina_tristan-lohner_harto_nina-laiton-blanc_luminaire_lighting_design_signed-27816-product.jpg?ssl=1\" alt=\"Nina tristan lohner harto nina laiton blanc luminaire lighting design signed 27816 product\" \/><\/p>\n<p>7. Made in France, de la t\u00eate aux pieds, <span style=\"color: #333399\"><a style=\"color: #333399\" href=\"https:\/\/www.nedgis.com\/brands\/lampari\">Lampari,<\/a> <\/span>notre deuxi\u00e8me rencontre de cette ann\u00e9e avec cette marque marseillaise au savoir-faire artisanal et au conscience sociale. Toutes les pi\u00e8ces des lampes sont faites \u00e0 la main des mat\u00e9riaux provenant des PME fran\u00e7aises. Au style contemporain, ces lampes sont un v\u00e9ritable pi\u00e8ce design pour tout type d&rsquo;int\u00e9rieur.<\/p>\n<hr \/>\n<p>Malheureusement, la soci\u00e9t\u00e9\u00a0Lampari ferme ses portes. Nous avons \u00e9t\u00e9 heureux de collaborer avec cette jeune marque pleine d&rsquo;originalit\u00e9 et de savoir faire !<\/p>\n<p>\u00bfBusca m\u00e1s inspiraci\u00f3n? Visite nuestro\u00a0<span style=\"color: #333399\"><a style=\"color: #333399\" href=\"https:\/\/www.nedgis.com\/es\/products\">sitio web<\/a><\/span>.<\/p>\n<hr \/>\n<p><img data-recalc-dims=\"1\" loading=\"lazy\" decoding=\"async\" data-attachment-id=\"6405\" data-permalink=\"https:\/\/blog.nedgis.com\/es\/2016\/09\/13\/maison-et-objet-edition-septembre-2016-voici-nos-coups-de-coeur-du-salon\/img_1432\/\" data-orig-file=\"https:\/\/i0.wp.com\/blog.nedgis.com\/wp-content\/uploads\/2016\/09\/img_1432.jpg?fit=2627%2C2388&amp;ssl=1\" data-orig-size=\"2627,2388\" data-comments-opened=\"1\" data-image-meta=\"{&quot;aperture&quot;:&quot;2.2&quot;,&quot;credit&quot;:&quot;&quot;,&quot;camera&quot;:&quot;iPhone 6&quot;,&quot;caption&quot;:&quot;&quot;,&quot;created_timestamp&quot;:&quot;1472828995&quot;,&quot;copyright&quot;:&quot;&quot;,&quot;focal_length&quot;:&quot;4.15&quot;,&quot;iso&quot;:&quot;50&quot;,&quot;shutter_speed&quot;:&quot;0.03030303030303&quot;,&quot;title&quot;:&quot;&quot;,&quot;orientation&quot;:&quot;0&quot;,&quot;latitude&quot;:&quot;48.969247222222&quot;,&quot;longitude&quot;:&quot;2.5155111111111&quot;}\" data-image-title=\"Maison &amp;amp; Objet &amp;#8211; Edition Septembre 2016 : Voici nos coups de c\u0153ur du salon&amp;#8230;\" data-image-description=\"\" data-image-caption=\"\" data-large-file=\"https:\/\/i0.wp.com\/blog.nedgis.com\/wp-content\/uploads\/2016\/09\/img_1432.jpg?fit=1024%2C931&amp;ssl=1\" class=\"aligncenter wp-image-6405 size-large\" title=\"Maison &amp; Objet - Edition Septembre 2016 : Voici nos coups de c\u0153ur du salon...\" src=\"https:\/\/i0.wp.com\/blog.nedgis.com\/wp-content\/uploads\/2016\/09\/img_1432.jpg?resize=700%2C636&#038;ssl=1\" alt=\"Maison &amp; Objet - Edition Septembre 2016 : Voici nos coups de c\u0153ur du salon...\" width=\"700\" height=\"636\" \/><\/p>\n<p>8. Nous avons rencontr\u00e9e une cr\u00e9atrice autrichienne, qui nous invite \u00e0 rentrer dans son univers, des luminaires en toile peint, en diff\u00e9rents coloris avec une petite grenouille en carton \u00e0 l&rsquo;int\u00e9rieur pour surprendre le public. Tout est fait \u00e0 la main faite chez elle. Ses projets nous ouvrent les portes de sa vie, sa maison, nous racontent une histoire et nous transmettent sa passion pour son m\u00e9tier\u2026<\/p>\n<p>9. Last but not least, Bert Frank, une marque anglaise, qui s&rsquo;inspire du style des ann\u00e9es 50, pr\u00e9sente des luminaires au design industriel, aux couleurs bleu \u00e9lectrique et laiton \u00e9pur\u00e9s, \u00e9l\u00e9gants et sophistiques, qui comptent s\u00e9duire les amateurs du design\u2026.<\/p>\n<p><img data-recalc-dims=\"1\" loading=\"lazy\" decoding=\"async\" data-attachment-id=\"6411\" data-permalink=\"https:\/\/blog.nedgis.com\/es\/2016\/09\/13\/maison-et-objet-edition-septembre-2016-voici-nos-coups-de-coeur-du-salon\/bertfrankrevolvetablelampforweb\/\" data-orig-file=\"https:\/\/i0.wp.com\/blog.nedgis.com\/wp-content\/uploads\/2016\/09\/bertfrankrevolvetablelampforweb.jpg?fit=545%2C495&amp;ssl=1\" data-orig-size=\"545,495\" data-comments-opened=\"1\" data-image-meta=\"{&quot;aperture&quot;:&quot;0&quot;,&quot;credit&quot;:&quot;&quot;,&quot;camera&quot;:&quot;&quot;,&quot;caption&quot;:&quot;&quot;,&quot;created_timestamp&quot;:&quot;1378410388&quot;,&quot;copyright&quot;:&quot;&quot;,&quot;focal_length&quot;:&quot;0&quot;,&quot;iso&quot;:&quot;0&quot;,&quot;shutter_speed&quot;:&quot;0&quot;,&quot;title&quot;:&quot;&quot;,&quot;orientation&quot;:&quot;0&quot;}\" data-image-title=\"Maison &amp;amp; Objet &amp;#8211; Edition Septembre 2016 : Voici nos coups de c\u0153ur du salon&amp;#8230;\" data-image-description=\"\" data-image-caption=\"\" data-large-file=\"https:\/\/i0.wp.com\/blog.nedgis.com\/wp-content\/uploads\/2016\/09\/bertfrankrevolvetablelampforweb.jpg?fit=545%2C495&amp;ssl=1\" class=\"aligncenter wp-image-6411\" title=\"Maison &amp; Objet - Edition Septembre 2016 : Voici nos coups de c\u0153ur du salon...\" src=\"https:\/\/i0.wp.com\/blog.nedgis.com\/wp-content\/uploads\/2016\/09\/bertfrankrevolvetablelampforweb.jpg?resize=657%2C597&#038;ssl=1\" alt=\"Maison &amp; Objet - Edition Septembre 2016 : Voici nos coups de c\u0153ur du salon...\" width=\"657\" height=\"597\" \/><\/p>\n<p>Bravo aussi \u00e0 la designer britannique Ilse Crawford, qui a re\u00e7u le prix de \u00ab\u00a0Cr\u00e9atrice de l&rsquo;ann\u00e9e\u00a0\u00bb !<\/p>\n<hr \/>\n<p>Et voil\u00e0 notre\u00a0compte-rendu de\u00a0Maison et Objet c&rsquo;est fini et le \u00ab\u00a0off\u00a0\u00bb de la Paris Design Week arrive \u00e0 sa fin\u2026 Des \u00e9v\u00e9nements on eu lieu dans toute la capital, de Saint-Germain de Pr\u00e8s jusqu&rsquo;\u00e0 Stalingrad.<\/p>","protected":false},"excerpt":{"rendered":"<p>Ce vendredi 2 Septembre, l&rsquo;\u00e9quipe Nedgis s&rsquo;est rendue au Parc d&rsquo;Exposition \u00e0 Villepinte, comme pr\u00e9vu, pour l&rsquo;inauguration de la deuxi\u00e8me \u00e9dition de Maison et Objet 2016. \u00c9v\u00e9nement qui a accueilli plus de 3000 marques internationales de l&rsquo;univers du design, de la d\u00e9coration, de l&rsquo;art de table&#8230; ! Voici notre bilan sur le salon et nos [&hellip;]<\/p>\n","protected":false},"author":64499198,"featured_media":0,"comment_status":"open","ping_status":"open","sticky":false,"template":"","format":"gallery","meta":{"_coblocks_attr":"","_coblocks_dimensions":"","_coblocks_responsive_height":"","_coblocks_accordion_ie_support":"","advanced_seo_description":"","jetpack_seo_html_title":"","jetpack_seo_noindex":false,"jetpack_seo_schema_type":"","_jetpack_newsletter_access":"","_jetpack_dont_email_post_to_subs":false,"_jetpack_newsletter_tier_id":0,"_jetpack_memberships_contains_paywalled_content":false,"_wpcom_ai_launchpad_first_post":false,"_jetpack_feature_clip_id":0,"_jetpack_memberships_contains_paid_content":false,"footnotes":"","jetpack_publicize_message":"{title}\n\n{excerpt}\n\n{url}","jetpack_publicize_feature_enabled":true,"jetpack_social_post_already_shared":false,"jetpack_social_options":{"image_generator_settings":{"template":"highway","default_image_id":0,"font":"","enabled":false},"version":2},"_wpas_customize_per_network":false,"jetpack_post_was_ever_published":false},"categories":[26386,30643,230104527,350176],"tags":[],"class_list":["post-6388","post","type-post","status-publish","format-gallery","hentry","category-coups-de-coeur","category-designer","category-lampadaire-2","category-luminaire","post_format-post-format-gallery"],"jetpack_publicize_connections":[],"jetpack_likes_enabled":true,"jetpack_sharing_enabled":true,"jetpack_shortlink":"https:\/\/wp.me\/p4ySCb-1F2","jetpack-related-posts":[],"jetpack_featured_media_url":"","_links":{"self":[{"href":"https:\/\/blog.nedgis.com\/es\/wp-json\/wp\/v2\/posts\/6388","targetHints":{"allow":["GET"]}}],"collection":[{"href":"https:\/\/blog.nedgis.com\/es\/wp-json\/wp\/v2\/posts"}],"about":[{"href":"https:\/\/blog.nedgis.com\/es\/wp-json\/wp\/v2\/types\/post"}],"author":[{"embeddable":true,"href":"https:\/\/blog.nedgis.com\/es\/wp-json\/wp\/v2\/users\/64499198"}],"replies":[{"embeddable":true,"href":"https:\/\/blog.nedgis.com\/es\/wp-json\/wp\/v2\/comments?post=6388"}],"version-history":[{"count":14,"href":"https:\/\/blog.nedgis.com\/es\/wp-json\/wp\/v2\/posts\/6388\/revisions"}],"predecessor-version":[{"id":23170,"href":"https:\/\/blog.nedgis.com\/es\/wp-json\/wp\/v2\/posts\/6388\/revisions\/23170"}],"wp:attachment":[{"href":"https:\/\/blog.nedgis.com\/es\/wp-json\/wp\/v2\/media?parent=6388"}],"wp:term":[{"taxonomy":"category","embeddable":true,"href":"https:\/\/blog.nedgis.com\/es\/wp-json\/wp\/v2\/categories?post=6388"},{"taxonomy":"post_tag","embeddable":true,"href":"https:\/\/blog.nedgis.com\/es\/wp-json\/wp\/v2\/tags?post=6388"}],"curies":[{"name":"wp","href":"https:\/\/api.w.org\/{rel}","templated":true}]}}