{"id":6190,"date":"2016-08-15T17:00:08","date_gmt":"2016-08-15T15:00:08","guid":{"rendered":"http:\/\/blog.nedgis.com\/?p=6190"},"modified":"2016-08-06T16:04:33","modified_gmt":"2016-08-06T14:04:33","slug":"comment-bien-choisir-un-lampadaire-dexterieur","status":"publish","type":"post","link":"https:\/\/blog.nedgis.com\/es\/2016\/08\/15\/comment-bien-choisir-un-lampadaire-dexterieur\/","title":{"rendered":"Comment bien choisir un lampadaire d&rsquo;ext\u00e9rieur ?"},"content":{"rendered":"<p style=\"text-align:justify;\">C\u2019est la vedette de l\u2019\u00e9t\u00e9 pour \u00e9clairer terrasse et jardin : le lampadaire d\u2019ext\u00e9rieur.<br \/>\nPour bien le choisir, voici quelques conseils techniques et esth\u00e9tiques pour ne pas commettre\u00a0d\u2019erreurs.<\/p>\n<p><a href=\"https:\/\/www.nedgis.com\/products\/lampdaire-d-exterieur-pivot-blanc-h200cm-slide\"><img data-recalc-dims=\"1\" loading=\"lazy\" decoding=\"async\" data-attachment-id=\"6200\" data-permalink=\"https:\/\/blog.nedgis.com\/es\/2016\/08\/15\/comment-bien-choisir-un-lampadaire-dexterieur\/luminaire-exterieur-slide-pivot-ali-baba-lampadaire-exterieur-blanc-h200cm-3271-232\/\" data-orig-file=\"https:\/\/i0.wp.com\/blog.nedgis.com\/wp-content\/uploads\/2016\/08\/luminaire-exterieur-slide-pivot-ali-baba-lampadaire-exterieur-blanc-h200cm-3271-232.jpg?fit=1575%2C1575&amp;ssl=1\" data-orig-size=\"1575,1575\" data-comments-opened=\"1\" data-image-meta=\"{&quot;aperture&quot;:&quot;0&quot;,&quot;credit&quot;:&quot;&quot;,&quot;camera&quot;:&quot;&quot;,&quot;caption&quot;:&quot;&quot;,&quot;created_timestamp&quot;:&quot;0&quot;,&quot;copyright&quot;:&quot;&quot;,&quot;focal_length&quot;:&quot;0&quot;,&quot;iso&quot;:&quot;0&quot;,&quot;shutter_speed&quot;:&quot;0&quot;,&quot;title&quot;:&quot;&quot;,&quot;orientation&quot;:&quot;0&quot;}\" data-image-title=\"Luminaire-exterieur-Slide-PIVOT-ALI-BABA-Lampadaire-exterieur-Blanc-H200cm-3271-232\" data-image-description=\"\" data-image-caption=\"\" data-large-file=\"https:\/\/i0.wp.com\/blog.nedgis.com\/wp-content\/uploads\/2016\/08\/luminaire-exterieur-slide-pivot-ali-baba-lampadaire-exterieur-blanc-h200cm-3271-232.jpg?fit=1024%2C1024&amp;ssl=1\" class=\"alignnone wp-image-6200 size-full\" title=\"Comment bien choisir un lampadaire d'ext\u00e9rieur ?\" src=\"https:\/\/i0.wp.com\/blog.nedgis.com\/wp-content\/uploads\/2016\/08\/luminaire-exterieur-slide-pivot-ali-baba-lampadaire-exterieur-blanc-h200cm-3271-232.jpg?resize=1575%2C1575&#038;ssl=1\" alt=\"LAMPADAIRE D'EXT\u00c9RIEUR, PIVOT, BLANC, H200CM - SLIDE\" width=\"1575\" height=\"1575\" \/><\/a><\/p>\n<hr \/>\n<p>L\u2019acquisition d\u2019un tel luminaire doit \u00eatre r\u00e9fl\u00e9chie car il existe de nombreuses r\u00e8gles \u00e0 respecter.<\/p>\n<p>1) Quel r\u00f4le jouera ce lampadaire dans le jardin ou sur la terrasse : am\u00e8nera-t-il un \u00e9clairage direct ou indirect ? Est-ce une lumi\u00e8re d&rsquo;appoint, ou bien un \u00e9clairage central ?<br \/>\nLa puissance lumineuse doit \u00eatre prise en compte pour \u00e9viter les surprises d\u2019un \u00e9clairage insuffisant ou trop puissant.<\/p>\n<p><a href=\"https:\/\/www.nedgis.com\/products\/lampadaire-d-exterieur-cala-gris-brun-h140cm-marset\"><img data-recalc-dims=\"1\" loading=\"lazy\" decoding=\"async\" data-attachment-id=\"6197\" data-permalink=\"https:\/\/blog.nedgis.com\/es\/2016\/08\/15\/comment-bien-choisir-un-lampadaire-dexterieur\/cala_joan-gaspar_marset_a645-002_luminaire_lighting_design_signed-13612-product\/\" data-orig-file=\"https:\/\/i0.wp.com\/blog.nedgis.com\/wp-content\/uploads\/2016\/08\/cala_joan-gaspar_marset_a645-002_luminaire_lighting_design_signed-13612-product.jpg?fit=774%2C705&amp;ssl=1\" data-orig-size=\"774,705\" data-comments-opened=\"1\" data-image-meta=\"{&quot;aperture&quot;:&quot;0&quot;,&quot;credit&quot;:&quot;&quot;,&quot;camera&quot;:&quot;&quot;,&quot;caption&quot;:&quot;&quot;,&quot;created_timestamp&quot;:&quot;0&quot;,&quot;copyright&quot;:&quot;&quot;,&quot;focal_length&quot;:&quot;0&quot;,&quot;iso&quot;:&quot;0&quot;,&quot;shutter_speed&quot;:&quot;0&quot;,&quot;title&quot;:&quot;&quot;,&quot;orientation&quot;:&quot;0&quot;}\" data-image-title=\"cala_joan-gaspar_marset_a645-002_luminaire_lighting_design_signed-13612-product\" data-image-description=\"\" data-image-caption=\"\" data-large-file=\"https:\/\/i0.wp.com\/blog.nedgis.com\/wp-content\/uploads\/2016\/08\/cala_joan-gaspar_marset_a645-002_luminaire_lighting_design_signed-13612-product.jpg?fit=774%2C705&amp;ssl=1\" class=\"alignnone wp-image-6197 size-full\" title=\"Comment bien choisir un lampadaire d'ext\u00e9rieur ?\" src=\"https:\/\/i0.wp.com\/blog.nedgis.com\/wp-content\/uploads\/2016\/08\/cala_joan-gaspar_marset_a645-002_luminaire_lighting_design_signed-13612-product.jpg?resize=774%2C705&#038;ssl=1\" alt=\"LAMPADAIRE D'EXT\u00c9RIEUR, CALA, GRIS, BRUN, H140CM - MARSET\" width=\"774\" height=\"705\" \/><\/a><\/p>\n<hr \/>\n<p style=\"text-align:justify;\">2) Quelle mati\u00e8re choisir pour un lampadaire d&rsquo;ext\u00e9rieur ?<br \/>\nCelui-ci se doit d\u2019\u00eatre r\u00e9sistant aux rayons UV qui peuvent d\u00e9grader sa couleur. Les mati\u00e8res plastiques trait\u00e9es sont donc conseill\u00e9es, plut\u00f4t que du textile par exemple.<\/p>\n<p style=\"text-align:justify;\"><a href=\"https:\/\/www.nedgis.com\/products\/lampdaire-d-exterieur-ali-baba-fiaccola-blanc-h165cm-slide\"><img data-recalc-dims=\"1\" loading=\"lazy\" decoding=\"async\" data-attachment-id=\"6195\" data-permalink=\"https:\/\/blog.nedgis.com\/es\/2016\/08\/15\/comment-bien-choisir-un-lampadaire-dexterieur\/ali-baba-fiaccola_gio-colonna-romano_slide_sd-fca131_luminaire_lighting_design_signed-19262-product\/\" data-orig-file=\"https:\/\/i0.wp.com\/blog.nedgis.com\/wp-content\/uploads\/2016\/08\/ali-baba-fiaccola_gio-colonna-romano_slide_sd-fca131_luminaire_lighting_design_signed-19262-product.jpg?fit=774%2C705&amp;ssl=1\" data-orig-size=\"774,705\" data-comments-opened=\"1\" data-image-meta=\"{&quot;aperture&quot;:&quot;0&quot;,&quot;credit&quot;:&quot;&quot;,&quot;camera&quot;:&quot;&quot;,&quot;caption&quot;:&quot;&quot;,&quot;created_timestamp&quot;:&quot;0&quot;,&quot;copyright&quot;:&quot;&quot;,&quot;focal_length&quot;:&quot;0&quot;,&quot;iso&quot;:&quot;0&quot;,&quot;shutter_speed&quot;:&quot;0&quot;,&quot;title&quot;:&quot;&quot;,&quot;orientation&quot;:&quot;1&quot;}\" data-image-title=\"ali-baba-fiaccola_gio-colonna-romano_slide_sd-fca131_luminaire_lighting_design_signed-19262-product\" data-image-description=\"\" data-image-caption=\"\" data-large-file=\"https:\/\/i0.wp.com\/blog.nedgis.com\/wp-content\/uploads\/2016\/08\/ali-baba-fiaccola_gio-colonna-romano_slide_sd-fca131_luminaire_lighting_design_signed-19262-product.jpg?fit=774%2C705&amp;ssl=1\" class=\"alignnone wp-image-6195 size-full\" title=\"Comment bien choisir un lampadaire d'ext\u00e9rieur ?\" src=\"https:\/\/i0.wp.com\/blog.nedgis.com\/wp-content\/uploads\/2016\/08\/ali-baba-fiaccola_gio-colonna-romano_slide_sd-fca131_luminaire_lighting_design_signed-19262-product.jpg?resize=774%2C705&#038;ssl=1\" alt=\"LAMPADAIRE D'EXT\u00c9RIEUR, ALI BABA FIACCOLA, BLANC, H165CM - SLIDE\" width=\"774\" height=\"705\" \/><\/a><\/p>\n<hr \/>\n<p>3) O\u00f9 positionner un lampadaire d&rsquo;ext\u00e9rieur ?<br \/>\nIl est important d&rsquo;\u00eatre vigilant sur le nombre et l\u2019emplacement des prises \u00e9lectriques. Une prise \u00e9tant primordiale pour un \u00e9clairage, il faut penser \u00e0 leur position ou \u00e0 leur cr\u00e9ation.<\/p>\n<p>La longueur du c\u00e2ble doit \u00e9galement \u00eatre surveill\u00e9e afin d&rsquo;\u00eatre s\u00fbr que le lampadaire puisse \u00eatre positionn\u00e9 \u00e0 l\u2019emplacement voulu.<\/p>\n<p>Cet emplacement doit \u00e9galement \u00eatre pens\u00e9 pour ne pas g\u00eaner les passages. En effet, un lampadaire peut prendre de la place dans un jardin et obstruer certains passages.<\/p>\n<hr \/>\n<p>4) Quel IP (indice de protection) retenir pour ce lampadaire ?<br \/>\nLe lampadaire d\u2019ext\u00e9rieur doit \u00e9galement r\u00e9pondre aux normes d\u2019\u00e9tanch\u00e9it\u00e9 pour des raisons de s\u00e9curit\u00e9 : il est donc recommand\u00e9 d\u2019avoir un indice de protection (IP) sup\u00e9rieur \u00e0 IP 44 (cela correspond \u00e0 une <span style=\"color:#000080;\"><a style=\"color:#000080;\" href=\"https:\/\/fr.wikipedia.org\/wiki\/Indice_de_protection\">protection contre la pluie<\/a><\/span>). Plus cet indice est important, plus le lampadaire est r\u00e9sistant \u00e0 l\u2019eau.<\/p>\n<hr \/>\n<p>5) Et enfin, bien s\u00fbr, la forme du lampadaire doit \u00e9galement \u00eatre pens\u00e9e en fonction de la d\u00e9coration d\u00e9j\u00e0 existante dans le <a href=\"https:\/\/blog.nedgis.com\/es\/categoria\/lampara-de-jardin-para-exterior\/\"><span style=\"color:#000080;\">jard\u00edn<\/span><\/a> ou sur la terrasse pour \u00e9viter les fautes de go\u00fbts. Il doit pouvoir se marier parfaitement avec vos <a href=\"https:\/\/blog.nedgis.com\/es\/2016\/04\/20\/quelle-borne-lumineuse-pour-votre-exterieur\/\"><span style=\"color:#000080;\">bornes lumineuses<\/span><\/a> et tous vos autres <a href=\"https:\/\/blog.nedgis.com\/es\/2016\/04\/08\/les-objets-lumineux-dexterieur-cube-pot-boule-un-element-deco-incontournable\/\"><span style=\"color:#000080;\">objets lumineux d&rsquo;ext\u00e9rieur<\/span><\/a>.<\/p>\n<p><a href=\"https:\/\/www.nedgis.com\/products\/lampadaire-d-exterieur-erbavoglio-vert-h160cm-karman\"><img data-recalc-dims=\"1\" loading=\"lazy\" decoding=\"async\" data-attachment-id=\"6198\" data-permalink=\"https:\/\/blog.nedgis.com\/es\/2016\/08\/15\/comment-bien-choisir-un-lampadaire-dexterieur\/erbavoglio_matteo-ugolini_karman_h7021t-ext_luminaire_lighting_design_signed-20004-product-3\/\" data-orig-file=\"https:\/\/i0.wp.com\/blog.nedgis.com\/wp-content\/uploads\/2016\/08\/erbavoglio_matteo-ugolini_karman_h7021t-ext_luminaire_lighting_design_signed-20004-product.jpg?fit=774%2C705&amp;ssl=1\" data-orig-size=\"774,705\" data-comments-opened=\"1\" data-image-meta=\"{&quot;aperture&quot;:&quot;0&quot;,&quot;credit&quot;:&quot;&quot;,&quot;camera&quot;:&quot;&quot;,&quot;caption&quot;:&quot;&quot;,&quot;created_timestamp&quot;:&quot;0&quot;,&quot;copyright&quot;:&quot;&quot;,&quot;focal_length&quot;:&quot;0&quot;,&quot;iso&quot;:&quot;0&quot;,&quot;shutter_speed&quot;:&quot;0&quot;,&quot;title&quot;:&quot;&quot;,&quot;orientation&quot;:&quot;1&quot;}\" data-image-title=\"erbavoglio_matteo-ugolini_karman_h7021t-ext_luminaire_lighting_design_signed-20004-product\" data-image-description=\"\" data-image-caption=\"\" data-large-file=\"https:\/\/i0.wp.com\/blog.nedgis.com\/wp-content\/uploads\/2016\/08\/erbavoglio_matteo-ugolini_karman_h7021t-ext_luminaire_lighting_design_signed-20004-product.jpg?fit=774%2C705&amp;ssl=1\" class=\"alignnone wp-image-6198 size-full\" title=\"Comment bien choisir un lampadaire d'ext\u00e9rieur ?\" src=\"https:\/\/i0.wp.com\/blog.nedgis.com\/wp-content\/uploads\/2016\/08\/erbavoglio_matteo-ugolini_karman_h7021t-ext_luminaire_lighting_design_signed-20004-product.jpg?resize=774%2C705&#038;ssl=1\" alt=\"LAMPADAIRE D'EXT\u00c9RIEUR, ERBAVOGLIO, VERT, H160CM - KARMAN\" width=\"774\" height=\"705\" \/><\/a><\/p>\n<p>Int\u00e9gralement recouvert de gazon artificiel, le lampadaire \u00ab\u00a0<span style=\"color:#000080;\"><a style=\"color:#000080;\" href=\"https:\/\/www.nedgis.com\/products\/lampadaire-d-exterieur-erbavoglio-vert-h160cm-karman\">Erbavoglio<\/a><\/span>\u00a0\u00bb est le parfait compromis entre lampe et plante.<\/p>\n<hr \/>\n<p><a href=\"https:\/\/www.nedgis.com\/products\/lampadaire-d-exterieur-versus-blanc-h124cm-faro\"><img data-recalc-dims=\"1\" loading=\"lazy\" decoding=\"async\" data-attachment-id=\"6201\" data-permalink=\"https:\/\/blog.nedgis.com\/es\/2016\/08\/15\/comment-bien-choisir-un-lampadaire-dexterieur\/versus_pepe-llaudet_faro_74423-74422_luminaire_lighting_design_signed-14829-product-2\/\" data-orig-file=\"https:\/\/i0.wp.com\/blog.nedgis.com\/wp-content\/uploads\/2016\/08\/versus_pepe-llaudet_faro_74423-74422_luminaire_lighting_design_signed-14829-product.jpg?fit=774%2C705&amp;ssl=1\" data-orig-size=\"774,705\" data-comments-opened=\"1\" data-image-meta=\"{&quot;aperture&quot;:&quot;5.6&quot;,&quot;credit&quot;:&quot;&quot;,&quot;camera&quot;:&quot;Canon EOS 5D Mark III&quot;,&quot;caption&quot;:&quot;&quot;,&quot;created_timestamp&quot;:&quot;1382466255&quot;,&quot;copyright&quot;:&quot;&quot;,&quot;focal_length&quot;:&quot;100&quot;,&quot;iso&quot;:&quot;100&quot;,&quot;shutter_speed&quot;:&quot;0.05&quot;,&quot;title&quot;:&quot;&quot;,&quot;orientation&quot;:&quot;1&quot;}\" data-image-title=\"Comment bien choisir un lampadaire d&amp;rsquo;ext\u00e9rieur ?\" data-image-description=\"\" data-image-caption=\"\" data-large-file=\"https:\/\/i0.wp.com\/blog.nedgis.com\/wp-content\/uploads\/2016\/08\/versus_pepe-llaudet_faro_74423-74422_luminaire_lighting_design_signed-14829-product.jpg?fit=774%2C705&amp;ssl=1\" class=\"alignnone wp-image-6201 size-full\" title=\"Comment bien choisir un lampadaire d'ext\u00e9rieur ?\" src=\"https:\/\/i0.wp.com\/blog.nedgis.com\/wp-content\/uploads\/2016\/08\/versus_pepe-llaudet_faro_74423-74422_luminaire_lighting_design_signed-14829-product.jpg?resize=774%2C705&#038;ssl=1\" alt=\"LAMPADAIRE D'EXT\u00c9RIEUR, VERSUS, BLANC, H124CM - FARO\" width=\"774\" height=\"705\" \/><\/a>Le lampadaire <span style=\"color:#000080;\"><a style=\"color:#000080;\" href=\"https:\/\/www.nedgis.com\/products\/lampadaire-d-exterieur-versus-blanc-h124cm-faro\" target=\"_blank\">Versus<\/a><\/span> design\u00e9 par Pepe Llaudet pour la marque Faro a un fil d\u2019une longueur de 3m qui permet de le positionner id\u00e9alement.<\/p>\n<hr \/>\n<p><a href=\"https:\/\/www.nedgis.com\/products\/lampadaire-d-exterieur-alibabig-blanc-h130cm-karman\"><img data-recalc-dims=\"1\" loading=\"lazy\" decoding=\"async\" data-attachment-id=\"6196\" data-permalink=\"https:\/\/blog.nedgis.com\/es\/2016\/08\/15\/comment-bien-choisir-un-lampadaire-dexterieur\/alibabig_matteo-ugolini_karman_h625v-ext_luminaire_lighting_design_signed-20008-product\/\" data-orig-file=\"https:\/\/i0.wp.com\/blog.nedgis.com\/wp-content\/uploads\/2016\/08\/alibabig_matteo-ugolini_karman_h625v-ext_luminaire_lighting_design_signed-20008-product.jpg?fit=774%2C705&amp;ssl=1\" data-orig-size=\"774,705\" data-comments-opened=\"1\" data-image-meta=\"{&quot;aperture&quot;:&quot;0&quot;,&quot;credit&quot;:&quot;&quot;,&quot;camera&quot;:&quot;&quot;,&quot;caption&quot;:&quot;&quot;,&quot;created_timestamp&quot;:&quot;0&quot;,&quot;copyright&quot;:&quot;&quot;,&quot;focal_length&quot;:&quot;0&quot;,&quot;iso&quot;:&quot;0&quot;,&quot;shutter_speed&quot;:&quot;0&quot;,&quot;title&quot;:&quot;&quot;,&quot;orientation&quot;:&quot;1&quot;}\" data-image-title=\"alibabig_matteo-ugolini_karman_h625v-ext_luminaire_lighting_design_signed-20008-product\" data-image-description=\"\" data-image-caption=\"\" data-large-file=\"https:\/\/i0.wp.com\/blog.nedgis.com\/wp-content\/uploads\/2016\/08\/alibabig_matteo-ugolini_karman_h625v-ext_luminaire_lighting_design_signed-20008-product.jpg?fit=774%2C705&amp;ssl=1\" class=\"alignnone wp-image-6196 size-full\" title=\"Comment bien choisir un lampadaire d'ext\u00e9rieur ?\" src=\"https:\/\/i0.wp.com\/blog.nedgis.com\/wp-content\/uploads\/2016\/08\/alibabig_matteo-ugolini_karman_h625v-ext_luminaire_lighting_design_signed-20008-product.jpg?resize=774%2C705&#038;ssl=1\" alt=\"LAMPADAIRE D'EXT\u00c9RIEUR, ALIBABIG, BLANC, H130CM - KARMAN\" width=\"774\" height=\"705\" \/><\/a><\/p>\n<p>Le lampadaire <span style=\"color:#000080;\"><a style=\"color:#000080;\" href=\"https:\/\/www.nedgis.com\/products\/lampadaire-d-exterieur-alibabig-blanc-h130cm-karman\" target=\"_blank\">Alibabig<\/a><\/span> compl\u00e8tement d\u00e9cal\u00e9, illustre toute la philosophie italienne de Karman. Son look d\u00e9cal\u00e9 ne laisse pas indiff\u00e9rent.<\/p>\n<hr \/>\n<p>&nbsp;<\/p>\n<p><a href=\"https:\/\/www.nedgis.com\/products\/lampadaire-gringo-blanc-h150cm-karman\"><img data-recalc-dims=\"1\" loading=\"lazy\" decoding=\"async\" data-attachment-id=\"6199\" data-permalink=\"https:\/\/blog.nedgis.com\/es\/2016\/08\/15\/comment-bien-choisir-un-lampadaire-dexterieur\/gringo_matteo-ugolini_karman_hp133_1b_ext_luminaire_lighting_design_signed-24228-product\/\" data-orig-file=\"https:\/\/i0.wp.com\/blog.nedgis.com\/wp-content\/uploads\/2016\/08\/gringo_matteo-ugolini_karman_hp133_1b_ext_luminaire_lighting_design_signed-24228-product.jpg?fit=774%2C705&amp;ssl=1\" data-orig-size=\"774,705\" data-comments-opened=\"1\" data-image-meta=\"{&quot;aperture&quot;:&quot;0&quot;,&quot;credit&quot;:&quot;&quot;,&quot;camera&quot;:&quot;&quot;,&quot;caption&quot;:&quot;&quot;,&quot;created_timestamp&quot;:&quot;0&quot;,&quot;copyright&quot;:&quot;&quot;,&quot;focal_length&quot;:&quot;0&quot;,&quot;iso&quot;:&quot;0&quot;,&quot;shutter_speed&quot;:&quot;0&quot;,&quot;title&quot;:&quot;&quot;,&quot;orientation&quot;:&quot;1&quot;}\" data-image-title=\"gringo_matteo-ugolini_karman_hp133_1b_ext_luminaire_lighting_design_signed-24228-product\" data-image-description=\"\" data-image-caption=\"\" data-large-file=\"https:\/\/i0.wp.com\/blog.nedgis.com\/wp-content\/uploads\/2016\/08\/gringo_matteo-ugolini_karman_hp133_1b_ext_luminaire_lighting_design_signed-24228-product.jpg?fit=774%2C705&amp;ssl=1\" class=\"alignnone wp-image-6199 size-full\" title=\"Comment bien choisir un lampadaire d'ext\u00e9rieur ?\" src=\"https:\/\/i0.wp.com\/blog.nedgis.com\/wp-content\/uploads\/2016\/08\/gringo_matteo-ugolini_karman_hp133_1b_ext_luminaire_lighting_design_signed-24228-product.jpg?resize=774%2C705&#038;ssl=1\" alt=\"LAMPADAIRE, CACTUS, GRINGO, BLANC, H150CM - KARMAN\" width=\"774\" height=\"705\" \/><\/a><\/p>\n<p>Este <span style=\"color:#000080;\"><a style=\"color:#000080;\" href=\"https:\/\/www.nedgis.com\/products\/lampadaire-gringo-blanc-h150cm-karman\" target=\"_blank\">lampadaire Gringo, en forme de cactus<\/a><\/span> se d\u00e9marque par sa forme tr\u00e8s originale. Imposant et majestueux, il tr\u00f4ne dans l\u2019espace o\u00f9 il est install\u00e9.<\/p>\n<hr \/>\n<p>D\u00e9couvrez l\u2019ensemble de notre s\u00e9lection de <span style=\"color:#000080;\"><a style=\"color:#000080;\" href=\"https:\/\/www.nedgis.com\/t\/categorie\/jardin?utf8=%E2%9C%93&amp;search%5Bamount_sort%5D=&amp;search%5Bprice_between%5D=0+-+1000+%E2%82%AC&amp;search%5Btaxon_any%5D%5B%5D=226&amp;search%5Bwith_designers_ids%5D=&amp;search%5Bwith_brands_ids%5D=\" target=\"_blank\">lampadaire d&rsquo;ext\u00e9rieur<\/a><\/span> sur notre boutique.<br \/>\nPara m\u00e1s informaci\u00f3n, p\u00f3ngase en contacto con\u00a0<span style=\"color:#000080;\"><a style=\"color:#000080;\" href=\"https:\/\/www.nedgis.com\/contacts\/new?is_pro=false\">contacto con nosotros.<\/a>\u00a0<\/span>!<\/p>\n<hr \/>\n<p>Retrouvez nos autres <a href=\"https:\/\/blog.nedgis.com\/es\/categoria\/consejos-de-decoracion\/\"><span style=\"color:#000080;\">consejos de decoraci\u00f3n<\/span><\/a> sur les luminaires outdoor et indoor.<\/p>\n<p><span style=\"border-radius:2px;text-indent:20px;width:auto;padding:0 4px 0 0;text-align:center;font:bold 11px\/20px 'Helvetica Neue', Helvetica, sans-serif;color:#ffffff;background:#bd081c no-repeat scroll 3px 50% \/ 14px 14px;position:absolute;opacity:.85;z-index:8675309;display:none;cursor:pointer;top:1797px;left:20px;\">Reg\u00edstrese en<\/span><\/p>\n<p><span style=\"border-radius:2px;text-indent:20px;width:auto;padding:0 4px 0 0;text-align:center;font:bold 11px\/20px 'Helvetica Neue', Helvetica, sans-serif;color:#ffffff;background:#bd081c no-repeat scroll 3px 50% \/ 14px 14px;position:absolute;opacity:.85;z-index:8675309;display:none;cursor:pointer;top:4549px;left:20px;\">Reg\u00edstrese en<\/span><\/p>\n<p><span style=\"border-radius:2px;text-indent:20px;width:auto;padding:0 4px 0 0;text-align:center;font:bold 11px\/20px 'Helvetica Neue', Helvetica, sans-serif;color:#ffffff;background:#bd081c no-repeat scroll 3px 50% \/ 14px 14px;position:absolute;opacity:1;z-index:8675309;display:none;cursor:pointer;\">Reg\u00edstrese en<\/span><\/p>\n<p><span style=\"border-radius:2px;text-indent:20px;width:auto;padding:0 4px 0 0;text-align:center;font:bold 11px\/20px 'Helvetica Neue', Helvetica, sans-serif;color:#ffffff;background:#bd081c no-repeat scroll 3px 50% \/ 14px 14px;position:absolute;opacity:1;z-index:8675309;display:none;cursor:pointer;\">Reg\u00edstrese en<\/span><\/p>\n<p><span style=\"border-radius:2px;text-indent:20px;width:auto;padding:0 4px 0 0;text-align:center;font:bold 11px\/20px 'Helvetica Neue', Helvetica, sans-serif;color:#ffffff;background:#bd081c no-repeat scroll 3px 50% \/ 14px 14px;position:absolute;opacity:.85;z-index:8675309;display:none;cursor:pointer;top:1821px;left:20px;\">Reg\u00edstrese en<\/span><\/p>\n<p><span style=\"border-radius:2px;text-indent:20px;width:auto;padding:0 4px 0 0;text-align:center;font:bold 11px\/20px 'Helvetica Neue', Helvetica, sans-serif;color:#ffffff;background:#bd081c no-repeat scroll 3px 50% \/ 14px 14px;position:absolute;opacity:1;z-index:8675309;display:none;cursor:pointer;\">Reg\u00edstrese en<\/span><\/p>\n<p><span style=\"border-radius:2px;text-indent:20px;width:auto;padding:0 4px 0 0;text-align:center;font:bold 11px\/20px 'Helvetica Neue', Helvetica, sans-serif;color:#ffffff;background:#bd081c no-repeat scroll 3px 50% \/ 14px 14px;position:absolute;opacity:.85;z-index:8675309;display:none;cursor:pointer;top:5315px;left:20px;\">Reg\u00edstrese en<\/span><\/p>\n<p><span style=\"border-radius:2px;text-indent:20px;width:auto;padding:0 4px 0 0;text-align:center;font:bold 11px\/20px 'Helvetica Neue', Helvetica, sans-serif;color:#ffffff;background:#bd081c no-repeat scroll 3px 50% \/ 14px 14px;position:absolute;opacity:.85;z-index:8675309;display:none;cursor:pointer;top:3020px;left:20px;\">Reg\u00edstrese en<\/span><\/p>\n<p><span style=\"border-radius:2px;text-indent:20px;width:auto;padding:0 4px 0 0;text-align:center;font:bold 11px\/20px 'Helvetica Neue', Helvetica, sans-serif;color:#ffffff;background:#bd081c no-repeat scroll 3px 50% \/ 14px 14px;position:absolute;opacity:.85;z-index:8675309;display:none;cursor:pointer;top:5339px;left:20px;\">Reg\u00edstrese en<\/span><\/p>","protected":false},"excerpt":{"rendered":"<p>C\u2019est la vedette de l\u2019\u00e9t\u00e9 pour \u00e9clairer terrasse et jardin : le lampadaire d\u2019ext\u00e9rieur. Pour bien le choisir, voici quelques conseils techniques et esth\u00e9tiques pour ne pas commettre\u00a0d\u2019erreurs. L\u2019acquisition d\u2019un tel luminaire doit \u00eatre r\u00e9fl\u00e9chie car il existe de nombreuses r\u00e8gles \u00e0 respecter. 1) Quel r\u00f4le jouera ce lampadaire dans le jardin ou sur la [&hellip;]<\/p>\n","protected":false},"author":64499198,"featured_media":6201,"comment_status":"open","ping_status":"open","sticky":false,"template":"","format":"gallery","meta":{"_coblocks_attr":"","_coblocks_dimensions":"","_coblocks_responsive_height":"","_coblocks_accordion_ie_support":"","advanced_seo_description":"","jetpack_seo_html_title":"","jetpack_seo_noindex":false,"jetpack_seo_schema_type":"","_jetpack_newsletter_access":"","_jetpack_dont_email_post_to_subs":false,"_jetpack_newsletter_tier_id":0,"_jetpack_memberships_contains_paywalled_content":false,"_wpcom_ai_launchpad_first_post":false,"_jetpack_feature_clip_id":0,"_jetpack_memberships_contains_paid_content":false,"footnotes":"","jetpack_publicize_message":"{title}\n\n{excerpt}\n\n{url}","jetpack_publicize_feature_enabled":true,"jetpack_social_post_already_shared":false,"jetpack_social_options":{"image_generator_settings":{"template":"highway","default_image_id":0,"font":"","enabled":false},"version":2},"_wpas_customize_per_network":false,"jetpack_post_was_ever_published":false},"categories":[7082768,230104527,301145106,230518817,350176,296598222],"tags":[305088814,345851903,345851899,345851898,527764970,527764969,484184813,526690860,1927026,230837106,305088808,9019127,527764967,770270048,488882184,527764968,526690859],"class_list":["post-6190","post","type-post","status-publish","format-gallery","has-post-thumbnail","hentry","category-conseils-deco","category-lampadaire-2","category-lampadaire-jardin","category-lampe-de-jardin-outdoor","category-luminaire","category-luminaire-polycarbonate","tag-amenager-votre-terrasse-de-lumiere","tag-eclairer-sa-terrasse","tag-eclairer-son-jardin","tag-ete-dans-son-jardin","tag-conseil-deco-lampadaire-jardin","tag-conseils-deco-lampadaires","tag-conseils-luminaires-jardin","tag-jardin-eclairage","tag-lampadaire","tag-lampadaire-dexterieur","tag-lampadaire-de-terrasse-design","tag-lampadaire-design","tag-lampadaire-exterieur-design","tag-lampadaire-jardin","tag-lampadaire-outdoor","tag-lampadaire-outdoor-design","tag-lampes-jardin","post_format-post-format-gallery"],"jetpack_publicize_connections":[],"jetpack_likes_enabled":true,"jetpack_sharing_enabled":true,"jetpack_shortlink":"https:\/\/wp.me\/p4ySCb-1BQ","jetpack-related-posts":[],"jetpack_featured_media_url":"https:\/\/i0.wp.com\/blog.nedgis.com\/wp-content\/uploads\/2016\/08\/versus_pepe-llaudet_faro_74423-74422_luminaire_lighting_design_signed-14829-product.jpg?fit=774%2C705&ssl=1","_links":{"self":[{"href":"https:\/\/blog.nedgis.com\/es\/wp-json\/wp\/v2\/posts\/6190","targetHints":{"allow":["GET"]}}],"collection":[{"href":"https:\/\/blog.nedgis.com\/es\/wp-json\/wp\/v2\/posts"}],"about":[{"href":"https:\/\/blog.nedgis.com\/es\/wp-json\/wp\/v2\/types\/post"}],"author":[{"embeddable":true,"href":"https:\/\/blog.nedgis.com\/es\/wp-json\/wp\/v2\/users\/64499198"}],"replies":[{"embeddable":true,"href":"https:\/\/blog.nedgis.com\/es\/wp-json\/wp\/v2\/comments?post=6190"}],"version-history":[{"count":25,"href":"https:\/\/blog.nedgis.com\/es\/wp-json\/wp\/v2\/posts\/6190\/revisions"}],"predecessor-version":[{"id":6321,"href":"https:\/\/blog.nedgis.com\/es\/wp-json\/wp\/v2\/posts\/6190\/revisions\/6321"}],"wp:featuredmedia":[{"embeddable":true,"href":"https:\/\/blog.nedgis.com\/es\/wp-json\/wp\/v2\/media\/6201"}],"wp:attachment":[{"href":"https:\/\/blog.nedgis.com\/es\/wp-json\/wp\/v2\/media?parent=6190"}],"wp:term":[{"taxonomy":"category","embeddable":true,"href":"https:\/\/blog.nedgis.com\/es\/wp-json\/wp\/v2\/categories?post=6190"},{"taxonomy":"post_tag","embeddable":true,"href":"https:\/\/blog.nedgis.com\/es\/wp-json\/wp\/v2\/tags?post=6190"}],"curies":[{"name":"wp","href":"https:\/\/api.w.org\/{rel}","templated":true}]}}