{"id":6145,"date":"2016-07-19T18:30:49","date_gmt":"2016-07-19T16:30:49","guid":{"rendered":"http:\/\/blog.nedgis.com\/?p=6145"},"modified":"2024-05-03T16:26:07","modified_gmt":"2024-05-03T14:26:07","slug":"schneid-des-luminaires-design-colores-personnalisables-et-equitables","status":"publish","type":"post","link":"https:\/\/blog.nedgis.com\/es\/2016\/07\/19\/schneid-des-luminaires-design-colores-personnalisables-et-equitables\/","title":{"rendered":"Schneid : des luminaires design color\u00e9s, personnalisables et \u00e9quitables"},"content":{"rendered":"<p>Le studio de design allemand Schneid propose des luminaires au style <a href=\"https:\/\/blog.nedgis.com\/es\/categoria\/estilos-y-tendencias\/estilos-y-tendencias-escandinavos\/\"><span style=\"color: #000080;\">Escandinavo<\/span> <\/a>et aux couleurs vari\u00e9es, enti\u00e8rement personnalisables et modulables \u00e0 souhait. Le commerce \u00e9quitable et l\u2019\u00e9cologie sont deux valeurs ch\u00e8res \u00e0 <a href=\"https:\/\/www.nedgis.com\/brands\/schneid\"><span style=\"color: #000080;\">Schneid.<\/span><\/a><\/p>\n<p><a href=\"https:\/\/www.nedgis.com\/products\/suspension-stucco-no-2-vert-pistache-o10-5cm-h26-5cm-schneid\"><img data-recalc-dims=\"1\" loading=\"lazy\" decoding=\"async\" data-attachment-id=\"26383\" data-permalink=\"https:\/\/blog.nedgis.com\/es\/2016\/07\/19\/schneid-des-luminaires-design-colores-personnalisables-et-equitables\/schneid\/\" data-orig-file=\"https:\/\/i0.wp.com\/blog.nedgis.com\/wp-content\/uploads\/2016\/07\/schneid-e1714746297952.jpeg?fit=2502%2C2771&amp;ssl=1\" data-orig-size=\"2502,2771\" data-comments-opened=\"1\" data-image-meta=\"{&quot;aperture&quot;:&quot;0&quot;,&quot;credit&quot;:&quot;&quot;,&quot;camera&quot;:&quot;&quot;,&quot;caption&quot;:&quot;&quot;,&quot;created_timestamp&quot;:&quot;0&quot;,&quot;copyright&quot;:&quot;\\u0026lt;SSchneid Enlightmen                 t&quot;,&quot;focal_length&quot;:&quot;0&quot;,&quot;iso&quot;:&quot;0&quot;,&quot;shutter_speed&quot;:&quot;0&quot;,&quot;title&quot;:&quot;&quot;,&quot;orientation&quot;:&quot;1&quot;}\" data-image-title=\"schneid\" data-image-description=\"\" data-image-caption=\"\" data-large-file=\"https:\/\/i0.wp.com\/blog.nedgis.com\/wp-content\/uploads\/2016\/07\/schneid-e1714746297952.jpeg?fit=925%2C1024&amp;ssl=1\" class=\"aligncenter wp-image-26383\" src=\"https:\/\/i0.wp.com\/blog.nedgis.com\/wp-content\/uploads\/2016\/07\/schneid.jpeg?resize=700%2C1049&#038;ssl=1\" alt=\"\" width=\"700\" height=\"1049\" \/><\/a><\/p>\n<p><a href=\"https:\/\/www.nedgis.com\/products?utf8=\u2713&amp;keywords=schneid\"><img data-recalc-dims=\"1\" loading=\"lazy\" decoding=\"async\" data-attachment-id=\"6146\" data-permalink=\"https:\/\/blog.nedgis.com\/es\/2016\/07\/19\/schneid-des-luminaires-design-colores-personnalisables-et-equitables\/collection_2\/\" data-orig-file=\"https:\/\/i0.wp.com\/blog.nedgis.com\/wp-content\/uploads\/2016\/07\/collection_2.jpg?fit=4219%2C5906&amp;ssl=1\" data-orig-size=\"4219,5906\" data-comments-opened=\"1\" data-image-meta=\"{&quot;aperture&quot;:&quot;7.1&quot;,&quot;credit&quot;:&quot;&quot;,&quot;camera&quot;:&quot;NIKON D800&quot;,&quot;caption&quot;:&quot;&quot;,&quot;created_timestamp&quot;:&quot;1457712651&quot;,&quot;copyright&quot;:&quot;&quot;,&quot;focal_length&quot;:&quot;50&quot;,&quot;iso&quot;:&quot;100&quot;,&quot;shutter_speed&quot;:&quot;0.016666666666667&quot;,&quot;title&quot;:&quot;&quot;,&quot;orientation&quot;:&quot;1&quot;}\" data-image-title=\"COLLECTION_2\" data-image-description=\"\" data-image-caption=\"\" data-large-file=\"https:\/\/i0.wp.com\/blog.nedgis.com\/wp-content\/uploads\/2016\/07\/collection_2.jpg?fit=732%2C1024&amp;ssl=1\" class=\"aligncenter wp-image-6146 size-large\" title=\"Schneid : des luminaires design color\u00e9s, personnalisables et \u00e9quitables\" src=\"https:\/\/i0.wp.com\/blog.nedgis.com\/wp-content\/uploads\/2016\/07\/collection_2.jpg?resize=700%2C980&#038;ssl=1\" alt=\"Collection Schneid\" width=\"700\" height=\"980\" \/><\/a><\/p>\n<p>La historia de <a href=\"https:\/\/www.nedgis.com\/brands\/schneid\"><span style=\"color: #000080;\">Schneid<\/span><\/a> commence en 2012, lorsque deux passionn\u00e9s de design se rencontrent et d\u00e9cident de cr\u00e9er leur propre studio\u00a0: <a href=\"https:\/\/www.nedgis.com\/designers\/julia-mulling-et-niklas-jessen\"><span style=\"color: #000080;\">Niklas Jessen et Julia M\u00fclling<\/span><\/a>.<\/p>\n<p><a href=\"https:\/\/www.nedgis.com\/designers\/julia-mulling-et-niklas-jessen\" target=\"_blank\" rel=\"noopener\"><img data-recalc-dims=\"1\" loading=\"lazy\" decoding=\"async\" data-attachment-id=\"6152\" data-permalink=\"https:\/\/blog.nedgis.com\/es\/2016\/07\/19\/schneid-des-luminaires-design-colores-personnalisables-et-equitables\/schneid_juni_683\/\" data-orig-file=\"https:\/\/i0.wp.com\/blog.nedgis.com\/wp-content\/uploads\/2016\/07\/schneid_juni_683.jpg?fit=7162%2C4780&amp;ssl=1\" data-orig-size=\"7162,4780\" data-comments-opened=\"1\" data-image-meta=\"{&quot;aperture&quot;:&quot;2.8&quot;,&quot;credit&quot;:&quot;&quot;,&quot;camera&quot;:&quot;NIKON D800&quot;,&quot;caption&quot;:&quot;&quot;,&quot;created_timestamp&quot;:&quot;1433955396&quot;,&quot;copyright&quot;:&quot;&quot;,&quot;focal_length&quot;:&quot;50&quot;,&quot;iso&quot;:&quot;800&quot;,&quot;shutter_speed&quot;:&quot;0.0015625&quot;,&quot;title&quot;:&quot;&quot;,&quot;orientation&quot;:&quot;0&quot;}\" data-image-title=\"Schneid_Juni_683\" data-image-description=\"\" data-image-caption=\"\" data-large-file=\"https:\/\/i0.wp.com\/blog.nedgis.com\/wp-content\/uploads\/2016\/07\/schneid_juni_683.jpg?fit=1024%2C683&amp;ssl=1\" class=\"aligncenter wp-image-6152 size-large\" title=\"Schneid : des luminaires design color\u00e9s, personnalisables et \u00e9quitables\" src=\"https:\/\/i0.wp.com\/blog.nedgis.com\/wp-content\/uploads\/2016\/07\/schneid_juni_683.jpg?resize=700%2C467&#038;ssl=1\" alt=\"Les designers de Schneid : Julia Mulling et Niklas Jessen\" width=\"700\" height=\"467\" \/><\/a><\/p>\n<p><a href=\"https:\/\/www.nedgis.com\/designers\/julia-mulling-et-niklas-jessen\"><span style=\"color: #000080;\">Niklas Jessen<\/span><\/a> a commenc\u00e9 par \u00e9tudier l\u2019architecture dans la ville de L\u00fcbeck avant de d\u00e9velopper une passion pour le design. <a href=\"https:\/\/www.nedgis.com\/designers\/julia-mulling-et-niklas-jessen\"><span style=\"color: #000080;\">Julia M\u00fclling<\/span><\/a> a, elle, \u00e9tudi\u00e9 la litt\u00e9rature \u00e0 Berlin tout en \u00e9tant passionn\u00e9e d\u2019art et de design d\u2019int\u00e9rieur.<\/p>\n<p>Ensemble, ils d\u00e9cident de fonder l\u2019entreprise \u00ab\u00a0<a href=\"https:\/\/www.nedgis.com\/brands\/schneid\"><span style=\"color: #000080;\">Schneid Lighting &amp; Furnitures\u00a0<\/span><\/a>\u00bb pour exposer leurs travaux.<\/p>\n<p><a href=\"https:\/\/www.nedgis.com\/brands\/schneid\"><span style=\"color: #000080;\">Schneid<\/span><\/a> signifie \u00ab\u00a0courage\u00a0\u00bb en allemand. Ce nom caract\u00e9rise bien ce studio, dont la devise est\u00a0<i>\u00ab\u00a0<\/i><i>Being bold\u00a0<\/i><i>\u00bb (\u00ab\u00a0\u00eatre audacieux\u00a0\u00bb). <\/i>A l&rsquo;image de sa philosophie, Schneid propose des luminaires con\u00e7us dans des mat\u00e9riaux de qualit\u00e9, issus du commerce \u00e9quitable. Les <a href=\"https:\/\/blog.nedgis.com\/es\/categoria\/lamparas-por-material\/lampara-madera\/\"><span style=\"color: #000080;\">madera<\/span><\/a> utilis\u00e9s pour la fabrication des lampes proviennent par exemple des for\u00eats de la r\u00e9gion de L\u00fcbeck, proche de leur atelier de production en Allemagne. Les produits sont aussi r\u00e9alis\u00e9s \u00e0 la main.<\/p>\n<p><a href=\"https:\/\/www.nedgis.com\/products\/suspension-secundum-pleuplier-h38cm-schneid\"><img data-recalc-dims=\"1\" loading=\"lazy\" decoding=\"async\" data-attachment-id=\"6153\" data-permalink=\"https:\/\/blog.nedgis.com\/es\/2016\/07\/19\/schneid-des-luminaires-design-colores-personnalisables-et-equitables\/secundum\/\" data-orig-file=\"https:\/\/i0.wp.com\/blog.nedgis.com\/wp-content\/uploads\/2016\/07\/secundum.jpg?fit=2787%2C3902&amp;ssl=1\" data-orig-size=\"2787,3902\" data-comments-opened=\"1\" data-image-meta=\"{&quot;aperture&quot;:&quot;9&quot;,&quot;credit&quot;:&quot;NOEL RICHTER&quot;,&quot;camera&quot;:&quot;NIKON D700&quot;,&quot;caption&quot;:&quot;&quot;,&quot;created_timestamp&quot;:&quot;1342700265&quot;,&quot;copyright&quot;:&quot;(C)Noel Richter&quot;,&quot;focal_length&quot;:&quot;46&quot;,&quot;iso&quot;:&quot;800&quot;,&quot;shutter_speed&quot;:&quot;0.016666666666667&quot;,&quot;title&quot;:&quot;&quot;,&quot;orientation&quot;:&quot;1&quot;}\" data-image-title=\"SECUNDUM\" data-image-description=\"\" data-image-caption=\"\" data-large-file=\"https:\/\/i0.wp.com\/blog.nedgis.com\/wp-content\/uploads\/2016\/07\/secundum.jpg?fit=731%2C1024&amp;ssl=1\" class=\"aligncenter wp-image-6153 size-large\" title=\"Schneid : des luminaires design color\u00e9s, personnalisables et \u00e9quitables\" src=\"https:\/\/i0.wp.com\/blog.nedgis.com\/wp-content\/uploads\/2016\/07\/secundum.jpg?resize=700%2C980&#038;ssl=1\" alt=\"SUSPENSION, SECUNDUM, PLEUPLIER, H38CM - SCHNEID\" width=\"700\" height=\"980\" \/><\/a>Cette pr\u00e9occupation pour l\u2019environnement fut r\u00e9compens\u00e9e \u00e0 plusieurs reprises par des prix de design, dont le fameux Green Product Award, en 2014, pour la suspension <a href=\"https:\/\/www.nedgis.com\/products\/suspension-zappy-frene-h65cm-schneid\"><span style=\"color: #000080;\">Zappy<\/span><\/a>, un luminaire en forme de pomme de pin design et \u00e9co-con\u00e7u.<\/p>\n<p><a href=\"https:\/\/www.nedgis.com\/products\/suspension-zappy-frene-h65cm-schneid\" target=\"_blank\" rel=\"noopener\"><img data-recalc-dims=\"1\" loading=\"lazy\" decoding=\"async\" data-attachment-id=\"6155\" data-permalink=\"https:\/\/blog.nedgis.com\/es\/2016\/07\/19\/schneid-des-luminaires-design-colores-personnalisables-et-equitables\/zappy_ash_plant\/\" data-orig-file=\"https:\/\/i0.wp.com\/blog.nedgis.com\/wp-content\/uploads\/2016\/07\/zappy_ash_plant.jpg?fit=3942%2C5906&amp;ssl=1\" data-orig-size=\"3942,5906\" data-comments-opened=\"1\" data-image-meta=\"{&quot;aperture&quot;:&quot;7.1&quot;,&quot;credit&quot;:&quot;&quot;,&quot;camera&quot;:&quot;NIKON D800&quot;,&quot;caption&quot;:&quot;&quot;,&quot;created_timestamp&quot;:&quot;1457568000&quot;,&quot;copyright&quot;:&quot;&quot;,&quot;focal_length&quot;:&quot;70&quot;,&quot;iso&quot;:&quot;100&quot;,&quot;shutter_speed&quot;:&quot;0.016666666666667&quot;,&quot;title&quot;:&quot;&quot;,&quot;orientation&quot;:&quot;1&quot;}\" data-image-title=\"ZAPPY_ASH_PLANT\" data-image-description=\"\" data-image-caption=\"\" data-large-file=\"https:\/\/i0.wp.com\/blog.nedgis.com\/wp-content\/uploads\/2016\/07\/zappy_ash_plant.jpg?fit=683%2C1024&amp;ssl=1\" class=\"aligncenter wp-image-6155 size-large\" title=\"Schneid : des luminaires design color\u00e9s, personnalisables et \u00e9quitables\" src=\"https:\/\/i0.wp.com\/blog.nedgis.com\/wp-content\/uploads\/2016\/07\/zappy_ash_plant.jpg?resize=683%2C1024&#038;ssl=1\" alt=\" Suspension, Zappy, Fr\u00eane, H65cm - SCHNEID\" width=\"683\" height=\"1024\" \/><\/a>Les cr\u00e9ations du<a href=\"https:\/\/www.nedgis.com\/brands\/schneid\"><span style=\"color: #000080;\"> studio Schneid<\/span><\/a> sont \u00e9galement renomm\u00e9es pour leur design color\u00e9 et innovant. En effet, les <a href=\"https:\/\/blog.nedgis.com\/es\/categoria\/lampara-colgante-2\/\"><span style=\"color: #000080;\">suspensiones<\/span><\/a> sont enti\u00e8rement personnalisables, sur demande, pour cr\u00e9er un mod\u00e8le unique et adapt\u00e9 \u00e0 tous les int\u00e9rieurs. Tous les \u00e9l\u00e9ments de la suspension sont modifiables\u00a0: aussi bien le type de bois que la forme, la mati\u00e8re et la couleur de l\u2019abat-jour. La couleur du c\u00e2ble textile est \u00e9galement personnalisable.<\/p>\n<p><a href=\"https:\/\/www.nedgis.com\/products\/suspension-stucco-no-2-rouge-argile-o10-5cm-h26-5cm-schneid\"><img data-recalc-dims=\"1\" loading=\"lazy\" decoding=\"async\" data-attachment-id=\"26381\" data-permalink=\"https:\/\/blog.nedgis.com\/es\/2016\/07\/19\/schneid-des-luminaires-design-colores-personnalisables-et-equitables\/schneid-3\/\" data-orig-file=\"https:\/\/i0.wp.com\/blog.nedgis.com\/wp-content\/uploads\/2016\/07\/schneid-3.jpg?fit=4016%2C6016&amp;ssl=1\" data-orig-size=\"4016,6016\" data-comments-opened=\"1\" data-image-meta=\"{&quot;aperture&quot;:&quot;0&quot;,&quot;credit&quot;:&quot;&quot;,&quot;camera&quot;:&quot;&quot;,&quot;caption&quot;:&quot;&quot;,&quot;created_timestamp&quot;:&quot;0&quot;,&quot;copyright&quot;:&quot;\\u0026lt;SSchneid Enlightmen                 t&quot;,&quot;focal_length&quot;:&quot;0&quot;,&quot;iso&quot;:&quot;0&quot;,&quot;shutter_speed&quot;:&quot;0&quot;,&quot;title&quot;:&quot;&quot;,&quot;orientation&quot;:&quot;0&quot;}\" data-image-title=\"schneid 3\" data-image-description=\"\" data-image-caption=\"\" data-large-file=\"https:\/\/i0.wp.com\/blog.nedgis.com\/wp-content\/uploads\/2016\/07\/schneid-3.jpg?fit=684%2C1024&amp;ssl=1\" class=\"aligncenter  wp-image-26381\" src=\"https:\/\/i0.wp.com\/blog.nedgis.com\/wp-content\/uploads\/2016\/07\/schneid-3.jpg?resize=683%2C1023&#038;ssl=1\" alt=\"\" width=\"683\" height=\"1023\" srcset=\"https:\/\/i0.wp.com\/blog.nedgis.com\/wp-content\/uploads\/2016\/07\/schneid-3.jpg?w=4016&amp;ssl=1 4016w, https:\/\/i0.wp.com\/blog.nedgis.com\/wp-content\/uploads\/2016\/07\/schneid-3.jpg?resize=200%2C300&amp;ssl=1 200w, https:\/\/i0.wp.com\/blog.nedgis.com\/wp-content\/uploads\/2016\/07\/schneid-3.jpg?resize=684%2C1024&amp;ssl=1 684w, https:\/\/i0.wp.com\/blog.nedgis.com\/wp-content\/uploads\/2016\/07\/schneid-3.jpg?resize=100%2C150&amp;ssl=1 100w, https:\/\/i0.wp.com\/blog.nedgis.com\/wp-content\/uploads\/2016\/07\/schneid-3.jpg?resize=768%2C1150&amp;ssl=1 768w, https:\/\/i0.wp.com\/blog.nedgis.com\/wp-content\/uploads\/2016\/07\/schneid-3.jpg?resize=1025%2C1536&amp;ssl=1 1025w, https:\/\/i0.wp.com\/blog.nedgis.com\/wp-content\/uploads\/2016\/07\/schneid-3.jpg?resize=1367%2C2048&amp;ssl=1 1367w, https:\/\/i0.wp.com\/blog.nedgis.com\/wp-content\/uploads\/2016\/07\/schneid-3.jpg?resize=1200%2C1798&amp;ssl=1 1200w, https:\/\/i0.wp.com\/blog.nedgis.com\/wp-content\/uploads\/2016\/07\/schneid-3.jpg?w=2000&amp;ssl=1 2000w, https:\/\/i0.wp.com\/blog.nedgis.com\/wp-content\/uploads\/2016\/07\/schneid-3.jpg?w=3000&amp;ssl=1 3000w\" sizes=\"auto, (max-width: 683px) 100vw, 683px\" \/><\/a><\/p>\n<p><a href=\"https:\/\/www.nedgis.com\/products?utf8=\u2713&amp;keywords=junit\" target=\"_blank\" rel=\"noopener\"><img data-recalc-dims=\"1\" loading=\"lazy\" decoding=\"async\" data-attachment-id=\"6150\" data-permalink=\"https:\/\/blog.nedgis.com\/es\/2016\/07\/19\/schneid-des-luminaires-design-colores-personnalisables-et-equitables\/junit_curated_versions\/\" data-orig-file=\"https:\/\/i0.wp.com\/blog.nedgis.com\/wp-content\/uploads\/2016\/07\/junit_curated_versions.jpg?fit=5933%2C3960&amp;ssl=1\" data-orig-size=\"5933,3960\" data-comments-opened=\"1\" data-image-meta=\"{&quot;aperture&quot;:&quot;6.3&quot;,&quot;credit&quot;:&quot;&quot;,&quot;camera&quot;:&quot;NIKON D800&quot;,&quot;caption&quot;:&quot;&quot;,&quot;created_timestamp&quot;:&quot;1455294657&quot;,&quot;copyright&quot;:&quot;&quot;,&quot;focal_length&quot;:&quot;60&quot;,&quot;iso&quot;:&quot;100&quot;,&quot;shutter_speed&quot;:&quot;0.008&quot;,&quot;title&quot;:&quot;&quot;,&quot;orientation&quot;:&quot;1&quot;}\" data-image-title=\"JUNIT_CURATED_VERSIONS\" data-image-description=\"\" data-image-caption=\"\" data-large-file=\"https:\/\/i0.wp.com\/blog.nedgis.com\/wp-content\/uploads\/2016\/07\/junit_curated_versions.jpg?fit=1024%2C683&amp;ssl=1\" class=\"aligncenter wp-image-6150 size-large\" title=\"Schneid : des luminaires design color\u00e9s, personnalisables et \u00e9quitables\" src=\"https:\/\/i0.wp.com\/blog.nedgis.com\/wp-content\/uploads\/2016\/07\/junit_curated_versions.jpg?resize=700%2C467&#038;ssl=1\" alt=\"Collection Junit, Schneid\" width=\"700\" height=\"467\" \/><\/a><\/p>\n<p><img data-recalc-dims=\"1\" loading=\"lazy\" decoding=\"async\" data-attachment-id=\"6154\" data-permalink=\"https:\/\/blog.nedgis.com\/es\/2016\/07\/19\/schneid-des-luminaires-design-colores-personnalisables-et-equitables\/studio_work-5\/\" data-orig-file=\"https:\/\/i0.wp.com\/blog.nedgis.com\/wp-content\/uploads\/2016\/07\/studio_work-5.jpg?fit=4016%2C6016&amp;ssl=1\" data-orig-size=\"4016,6016\" data-comments-opened=\"1\" data-image-meta=\"{&quot;aperture&quot;:&quot;0&quot;,&quot;credit&quot;:&quot;&quot;,&quot;camera&quot;:&quot;&quot;,&quot;caption&quot;:&quot;&quot;,&quot;created_timestamp&quot;:&quot;0&quot;,&quot;copyright&quot;:&quot;Schneid Enlightment&quot;,&quot;focal_length&quot;:&quot;0&quot;,&quot;iso&quot;:&quot;0&quot;,&quot;shutter_speed&quot;:&quot;0&quot;,&quot;title&quot;:&quot;&quot;,&quot;orientation&quot;:&quot;0&quot;}\" data-image-title=\"studio_work-5\" data-image-description=\"\" data-image-caption=\"\" data-large-file=\"https:\/\/i0.wp.com\/blog.nedgis.com\/wp-content\/uploads\/2016\/07\/studio_work-5.jpg?fit=684%2C1024&amp;ssl=1\" class=\"aligncenter wp-image-6154 size-large\" title=\"SCHNEID : un studio de design aux produits color\u00e9s, personnalis\u00e9s et \u00e9quitable.\" src=\"https:\/\/i0.wp.com\/blog.nedgis.com\/wp-content\/uploads\/2016\/07\/studio_work-5.jpg?resize=684%2C1024&#038;ssl=1\" alt=\"studio_work-5\" width=\"684\" height=\"1024\" \/><\/p>\n<p><img data-recalc-dims=\"1\" loading=\"lazy\" decoding=\"async\" data-attachment-id=\"6151\" data-permalink=\"https:\/\/blog.nedgis.com\/es\/2016\/07\/19\/schneid-des-luminaires-design-colores-personnalisables-et-equitables\/schneid_juni_664\/\" data-orig-file=\"https:\/\/i0.wp.com\/blog.nedgis.com\/wp-content\/uploads\/2016\/07\/schneid_juni_664.jpg?fit=4912%2C7360&amp;ssl=1\" data-orig-size=\"4912,7360\" data-comments-opened=\"1\" data-image-meta=\"{&quot;aperture&quot;:&quot;2&quot;,&quot;credit&quot;:&quot;&quot;,&quot;camera&quot;:&quot;NIKON D800&quot;,&quot;caption&quot;:&quot;&quot;,&quot;created_timestamp&quot;:&quot;1433937974&quot;,&quot;copyright&quot;:&quot;&quot;,&quot;focal_length&quot;:&quot;50&quot;,&quot;iso&quot;:&quot;1600&quot;,&quot;shutter_speed&quot;:&quot;0.00625&quot;,&quot;title&quot;:&quot;&quot;,&quot;orientation&quot;:&quot;0&quot;}\" data-image-title=\"Schneid_Juni_664\" data-image-description=\"\" data-image-caption=\"\" data-large-file=\"https:\/\/i0.wp.com\/blog.nedgis.com\/wp-content\/uploads\/2016\/07\/schneid_juni_664.jpg?fit=683%2C1024&amp;ssl=1\" class=\"aligncenter wp-image-6151 size-large\" title=\"Schneid : des luminaires design color\u00e9s, personnalisables et \u00e9quitables\" src=\"https:\/\/i0.wp.com\/blog.nedgis.com\/wp-content\/uploads\/2016\/07\/schneid_juni_664.jpg?resize=683%2C1024&#038;ssl=1\" alt=\"Schneid : des luminaires design color\u00e9s, personnalisables et \u00e9quitables\" width=\"683\" height=\"1024\" \/><\/p>\n<p><a href=\"https:\/\/www.nedgis.com\/brands\/schneid\"><span style=\"color: #000080;\">Schneid<\/span><\/a> fait le choix de proposer une importante d\u00e9clinaison couleur, car l&rsquo;ouverture de la gamme permet d&rsquo;offrir des luminaires rares et peu vus. Les coloris plut\u00f4t modernes vont des tons pop aux tons pastels.<\/p>\n<p>Toutes leurs cr\u00e9ations\u00a0sont inspir\u00e9es des codes du <a href=\"https:\/\/blog.nedgis.com\/es\/categoria\/estilos-y-tendencias\/estilos-y-tendencias-escandinavos\/\"><span style=\"color: #000080;\">design scandinave,<\/span><\/a> design reconnu pour sa simplicit\u00e9 et son \u00e9l\u00e9gance.\u00a0La notion de puret\u00e9 et de fonctionnalit\u00e9, caract\u00e9ristique du design scandinave, est tr\u00e8s pr\u00e9sente dans les collections. Cette sp\u00e9cificit\u00e9 s&rsquo;incarne dans le choix de couleurs claires, ainsi que dans les bois qui sont laiss\u00e9s \u00e0 l\u2019\u00e9tat brut pour faire ressortir leur qualit\u00e9. Tous les <a href=\"https:\/\/blog.nedgis.com\/es\/categoria\/lamparas-por-material\/lampara-madera\/\"><span style=\"color: #000080;\">madera<\/span><\/a> sont massifs, qu&rsquo;il s&rsquo;agisse de fr\u00eane, de ch\u00eane, noyer, peuplier, bambou.<\/p>\n<p><a href=\"https:\/\/www.nedgis.com\/products\/suspension-junit-stanza-mocca-o12cm-h43cm-schneid\"><img data-recalc-dims=\"1\" loading=\"lazy\" decoding=\"async\" data-attachment-id=\"26382\" data-permalink=\"https:\/\/blog.nedgis.com\/es\/2016\/07\/19\/schneid-des-luminaires-design-colores-personnalisables-et-equitables\/schneid-2\/\" data-orig-file=\"https:\/\/i0.wp.com\/blog.nedgis.com\/wp-content\/uploads\/2016\/07\/schneid-2.jpeg?fit=750%2C1124&amp;ssl=1\" data-orig-size=\"750,1124\" data-comments-opened=\"1\" data-image-meta=\"{&quot;aperture&quot;:&quot;0&quot;,&quot;credit&quot;:&quot;&quot;,&quot;camera&quot;:&quot;&quot;,&quot;caption&quot;:&quot;&quot;,&quot;created_timestamp&quot;:&quot;0&quot;,&quot;copyright&quot;:&quot;\\u0026lt;SSchneid Enlightmen                 t&quot;,&quot;focal_length&quot;:&quot;0&quot;,&quot;iso&quot;:&quot;0&quot;,&quot;shutter_speed&quot;:&quot;0&quot;,&quot;title&quot;:&quot;&quot;,&quot;orientation&quot;:&quot;0&quot;}\" data-image-title=\"schneid 2\" data-image-description=\"\" data-image-caption=\"\" data-large-file=\"https:\/\/i0.wp.com\/blog.nedgis.com\/wp-content\/uploads\/2016\/07\/schneid-2.jpeg?fit=683%2C1024&amp;ssl=1\" class=\"aligncenter  wp-image-26382\" src=\"https:\/\/i0.wp.com\/blog.nedgis.com\/wp-content\/uploads\/2016\/07\/schneid-2.jpeg?resize=681%2C1020&#038;ssl=1\" alt=\"\" width=\"681\" height=\"1020\" srcset=\"https:\/\/i0.wp.com\/blog.nedgis.com\/wp-content\/uploads\/2016\/07\/schneid-2.jpeg?w=750&amp;ssl=1 750w, https:\/\/i0.wp.com\/blog.nedgis.com\/wp-content\/uploads\/2016\/07\/schneid-2.jpeg?resize=200%2C300&amp;ssl=1 200w, https:\/\/i0.wp.com\/blog.nedgis.com\/wp-content\/uploads\/2016\/07\/schneid-2.jpeg?resize=683%2C1024&amp;ssl=1 683w, https:\/\/i0.wp.com\/blog.nedgis.com\/wp-content\/uploads\/2016\/07\/schneid-2.jpeg?resize=100%2C150&amp;ssl=1 100w\" sizes=\"auto, (max-width: 681px) 100vw, 681px\" \/><\/a><\/p>\n<p><a href=\"https:\/\/www.nedgis.com\/products\/suspension-zappy-frene-h65cm-schneid\" target=\"_blank\" rel=\"noopener\"><img data-recalc-dims=\"1\" loading=\"lazy\" decoding=\"async\" data-attachment-id=\"6149\" data-permalink=\"https:\/\/blog.nedgis.com\/es\/2016\/07\/19\/schneid-des-luminaires-design-colores-personnalisables-et-equitables\/fafa_zappy_smoked_oak_unison_hazy\/\" data-orig-file=\"https:\/\/i0.wp.com\/blog.nedgis.com\/wp-content\/uploads\/2016\/07\/fafa_zappy_smoked_oak_unison_hazy.jpg?fit=4756%2C7126&amp;ssl=1\" data-orig-size=\"4756,7126\" data-comments-opened=\"1\" data-image-meta=\"{&quot;aperture&quot;:&quot;10&quot;,&quot;credit&quot;:&quot;&quot;,&quot;camera&quot;:&quot;NIKON D800&quot;,&quot;caption&quot;:&quot;&quot;,&quot;created_timestamp&quot;:&quot;1455622730&quot;,&quot;copyright&quot;:&quot;&quot;,&quot;focal_length&quot;:&quot;62&quot;,&quot;iso&quot;:&quot;100&quot;,&quot;shutter_speed&quot;:&quot;0.008&quot;,&quot;title&quot;:&quot;&quot;,&quot;orientation&quot;:&quot;1&quot;}\" data-image-title=\"FAFA_ZAPPY_SMOKED_OAK_UNISON_HAZY\" data-image-description=\"\" data-image-caption=\"\" data-large-file=\"https:\/\/i0.wp.com\/blog.nedgis.com\/wp-content\/uploads\/2016\/07\/fafa_zappy_smoked_oak_unison_hazy.jpg?fit=683%2C1024&amp;ssl=1\" class=\"aligncenter wp-image-6149 size-large\" title=\"Schneid : des luminaires design color\u00e9s, personnalisables et \u00e9quitables\" src=\"https:\/\/i0.wp.com\/blog.nedgis.com\/wp-content\/uploads\/2016\/07\/fafa_zappy_smoked_oak_unison_hazy.jpg?resize=683%2C1024&#038;ssl=1\" alt=\"Suspension Zappy\" width=\"683\" height=\"1024\" \/><\/a><a href=\"https:\/\/www.nedgis.com\/products?utf8=\u2713&amp;keywords=eikon\" target=\"_blank\" rel=\"noopener\"><img data-recalc-dims=\"1\" loading=\"lazy\" decoding=\"async\" data-attachment-id=\"6147\" data-permalink=\"https:\/\/blog.nedgis.com\/es\/2016\/07\/19\/schneid-des-luminaires-design-colores-personnalisables-et-equitables\/eikon_basic_grey_fafa_table_round\/\" data-orig-file=\"https:\/\/i0.wp.com\/blog.nedgis.com\/wp-content\/uploads\/2016\/07\/eikon_basic_grey_fafa_table_round.jpg?fit=3688%2C4612&amp;ssl=1\" data-orig-size=\"3688,4612\" data-comments-opened=\"1\" data-image-meta=\"{&quot;aperture&quot;:&quot;11&quot;,&quot;credit&quot;:&quot;&quot;,&quot;camera&quot;:&quot;NIKON D800&quot;,&quot;caption&quot;:&quot;&quot;,&quot;created_timestamp&quot;:&quot;1455640143&quot;,&quot;copyright&quot;:&quot;&quot;,&quot;focal_length&quot;:&quot;78&quot;,&quot;iso&quot;:&quot;100&quot;,&quot;shutter_speed&quot;:&quot;0.008&quot;,&quot;title&quot;:&quot;&quot;,&quot;orientation&quot;:&quot;1&quot;}\" data-image-title=\"EIKON_BASIC_GREY_FAFA_TABLE_ROUND\" data-image-description=\"\" data-image-caption=\"\" data-large-file=\"https:\/\/i0.wp.com\/blog.nedgis.com\/wp-content\/uploads\/2016\/07\/eikon_basic_grey_fafa_table_round.jpg?fit=819%2C1024&amp;ssl=1\" class=\"aligncenter wp-image-6147 size-large\" title=\"Schneid : des luminaires design color\u00e9s, personnalisables et \u00e9quitables\" src=\"https:\/\/i0.wp.com\/blog.nedgis.com\/wp-content\/uploads\/2016\/07\/eikon_basic_grey_fafa_table_round.jpg?resize=700%2C875&#038;ssl=1\" alt=\"Suspension Eikon, blanc, Schneid\" width=\"700\" height=\"875\" \/><\/a><\/p>\n<p><a href=\"https:\/\/www.nedgis.com\/brands\/schneid\"><span style=\"color: #000080;\">La marque Schneid<\/span><\/a> se d\u00e9marque ainsi avec des produits simples, design, <a href=\"https:\/\/www.nedgis.com\/t\/pensez-y\/led-et-eco-design\"><span style=\"color: #000080;\">\u00e9cologiques<\/span><\/a>, \u00e9quitables et de grande qualit\u00e9&#8230; une mani\u00e8re d&rsquo;offrir un travail durable et responsable.<\/p>\n<p>\u201c Notre ambition est de concevoir des produits de la plus haute qualit\u00e9 dans le respect de l&rsquo;environnement et de la durabilit\u00e9. \u201c<\/p>\n<hr \/>\n<p>Sortie en 2014, la collection <a href=\"https:\/\/www.nedgis.com\/q\/marque--schneid\/modele--eikon\"><span style=\"color: #333399;\">\u201c EIKON \u201c<\/span><\/a> s\u2019agrandit en 2016 avec notamment l\u2019arriv\u00e9e d\u2019<a href=\"https:\/\/www.nedgis.com\/q\/marque--schneid\/modele--circus\"><span style=\"color: #333399;\">Circo Eikon<\/span><\/a>, le dernier n\u00e9 de la famille Eikon et, de toutes les versions, c&rsquo;est la plus forte association avec la lumi\u00e8re industrielle classique.<\/p>\n<p><a href=\"https:\/\/www.nedgis.com\/products\/suspension-circus-bordeaux-o40cm-h35cm-schneid\"><img data-recalc-dims=\"1\" loading=\"lazy\" decoding=\"async\" data-attachment-id=\"12760\" data-permalink=\"https:\/\/blog.nedgis.com\/es\/2016\/07\/19\/schneid-des-luminaires-design-colores-personnalisables-et-equitables\/circus-_julia-mulling-et-niklas-jessen_suspension-pendant-light-_schneid_eikon_circus_black_oak_burgundy__design_signed_nedgis-66382-product\/\" data-orig-file=\"https:\/\/i0.wp.com\/blog.nedgis.com\/wp-content\/uploads\/2016\/07\/circus-_julia-mulling-et-niklas-jessen_suspension-pendant-light-_schneid_eikon_circus_black_oak_burgundy__design_signed_nedgis-66382-product.jpg?fit=774%2C705&amp;ssl=1\" data-orig-size=\"774,705\" data-comments-opened=\"1\" data-image-meta=\"{&quot;aperture&quot;:&quot;0&quot;,&quot;credit&quot;:&quot;&quot;,&quot;camera&quot;:&quot;&quot;,&quot;caption&quot;:&quot;&quot;,&quot;created_timestamp&quot;:&quot;0&quot;,&quot;copyright&quot;:&quot;&quot;,&quot;focal_length&quot;:&quot;0&quot;,&quot;iso&quot;:&quot;0&quot;,&quot;shutter_speed&quot;:&quot;0&quot;,&quot;title&quot;:&quot;&quot;,&quot;orientation&quot;:&quot;0&quot;}\" data-image-title=\"SUSPENSION, EIKON CIRCUS , BORDEAUX, \u00d840CM, H35CM &amp;#8211; SCHNEID\" data-image-description=\"\" data-image-caption=\"\" data-large-file=\"https:\/\/i0.wp.com\/blog.nedgis.com\/wp-content\/uploads\/2016\/07\/circus-_julia-mulling-et-niklas-jessen_suspension-pendant-light-_schneid_eikon_circus_black_oak_burgundy__design_signed_nedgis-66382-product.jpg?fit=774%2C705&amp;ssl=1\" class=\"aligncenter wp-image-12760 size-full\" title=\"SUSPENSION, EIKON CIRCUS , BORDEAUX, \u00d840CM, H35CM - SCHNEID\" src=\"https:\/\/i0.wp.com\/blog.nedgis.com\/wp-content\/uploads\/2016\/07\/circus-_julia-mulling-et-niklas-jessen_suspension-pendant-light-_schneid_eikon_circus_black_oak_burgundy__design_signed_nedgis-66382-product.jpg?resize=700%2C638&#038;ssl=1\" alt=\"SUSPENSION, EIKON CIRCUS , BORDEAUX, \u00d840CM, H35CM - SCHNEID\" width=\"700\" height=\"638\" \/><\/a><\/p>\n<p><a href=\"https:\/\/www.nedgis.com\/products\/suspension-circus-rose-pale-o40cm-h35cm-schneid\"><img data-recalc-dims=\"1\" loading=\"lazy\" decoding=\"async\" data-attachment-id=\"12761\" data-permalink=\"https:\/\/blog.nedgis.com\/es\/2016\/07\/19\/schneid-des-luminaires-design-colores-personnalisables-et-equitables\/circus-_julia-mulling-et-niklas-jessen_suspension-pendant-light-_schneid_eikon_circus_black_oak_pale_rose__design_signed_nedgis-66389-product\/\" data-orig-file=\"https:\/\/i0.wp.com\/blog.nedgis.com\/wp-content\/uploads\/2016\/07\/circus-_julia-mulling-et-niklas-jessen_suspension-pendant-light-_schneid_eikon_circus_black_oak_pale_rose__design_signed_nedgis-66389-product.jpg?fit=774%2C705&amp;ssl=1\" data-orig-size=\"774,705\" data-comments-opened=\"1\" data-image-meta=\"{&quot;aperture&quot;:&quot;0&quot;,&quot;credit&quot;:&quot;&quot;,&quot;camera&quot;:&quot;&quot;,&quot;caption&quot;:&quot;&quot;,&quot;created_timestamp&quot;:&quot;0&quot;,&quot;copyright&quot;:&quot;&quot;,&quot;focal_length&quot;:&quot;0&quot;,&quot;iso&quot;:&quot;0&quot;,&quot;shutter_speed&quot;:&quot;0&quot;,&quot;title&quot;:&quot;&quot;,&quot;orientation&quot;:&quot;0&quot;}\" data-image-title=\"SUSPENSION, EIKON CIRCUS , ROSE P\u00c2LE, \u00d840CM, H35CM &amp;#8211; SCHNEID\" data-image-description=\"\" data-image-caption=\"\" data-large-file=\"https:\/\/i0.wp.com\/blog.nedgis.com\/wp-content\/uploads\/2016\/07\/circus-_julia-mulling-et-niklas-jessen_suspension-pendant-light-_schneid_eikon_circus_black_oak_pale_rose__design_signed_nedgis-66389-product.jpg?fit=774%2C705&amp;ssl=1\" class=\"aligncenter wp-image-12761 size-full\" title=\"SUSPENSION, EIKON CIRCUS , ROSE P\u00c2LE, \u00d840CM, H35CM - SCHNEID\" src=\"https:\/\/i0.wp.com\/blog.nedgis.com\/wp-content\/uploads\/2016\/07\/circus-_julia-mulling-et-niklas-jessen_suspension-pendant-light-_schneid_eikon_circus_black_oak_pale_rose__design_signed_nedgis-66389-product.jpg?resize=700%2C638&#038;ssl=1\" alt=\"SUSPENSION, EIKON CIRCUS , ROSE P\u00c2LE, \u00d840CM, H35CM - SCHNEID\" width=\"700\" height=\"638\" \/><\/a><\/p>\n<p>La lampe est un compl\u00e9ment id\u00e9al entre les diff\u00e9rentes formes de l&rsquo;<a href=\"https:\/\/www.nedgis.com\/q\/marque--schneid\/modele--eikon-basic\"><span style=\"color: #333399;\">Eikon Basic<\/span><\/a> y el\u2019<a href=\"https:\/\/www.nedgis.com\/q\/marque--schneid\/modele--shell-blanc\"><span style=\"color: #333399;\">Eikon Shell,<\/span><\/a> avec sa taille moyenne, elle compl\u00e8te parfaitement la collection Eikon.<a href=\"https:\/\/www.nedgis.com\/products\/suspension-eikon-basic-frene-blanc-h35cm-schneid\"><img data-recalc-dims=\"1\" loading=\"lazy\" decoding=\"async\" data-attachment-id=\"12762\" data-permalink=\"https:\/\/blog.nedgis.com\/es\/2016\/07\/19\/schneid-des-luminaires-design-colores-personnalisables-et-equitables\/eikon-basic_julia-mulling-et-niklas-jessen_schneid_eikon-basic-ash-wood-white-white_luminaire_lighting_design_signed-25075-product\/\" data-orig-file=\"https:\/\/i0.wp.com\/blog.nedgis.com\/wp-content\/uploads\/2016\/07\/eikon-basic_julia-mulling-et-niklas-jessen_schneid_eikon-basic-ash-wood-white-white_luminaire_lighting_design_signed-25075-product.jpg?fit=774%2C705&amp;ssl=1\" data-orig-size=\"774,705\" data-comments-opened=\"1\" data-image-meta=\"{&quot;aperture&quot;:&quot;0&quot;,&quot;credit&quot;:&quot;&quot;,&quot;camera&quot;:&quot;&quot;,&quot;caption&quot;:&quot;&quot;,&quot;created_timestamp&quot;:&quot;0&quot;,&quot;copyright&quot;:&quot;&quot;,&quot;focal_length&quot;:&quot;0&quot;,&quot;iso&quot;:&quot;0&quot;,&quot;shutter_speed&quot;:&quot;0&quot;,&quot;title&quot;:&quot;&quot;,&quot;orientation&quot;:&quot;0&quot;}\" data-image-title=\"SUSPENSION, EIKON BASIC, FR\u00caNE, BLANC, H35CM &amp;#8211; SCHNEID\" data-image-description=\"\" data-image-caption=\"\" data-large-file=\"https:\/\/i0.wp.com\/blog.nedgis.com\/wp-content\/uploads\/2016\/07\/eikon-basic_julia-mulling-et-niklas-jessen_schneid_eikon-basic-ash-wood-white-white_luminaire_lighting_design_signed-25075-product.jpg?fit=774%2C705&amp;ssl=1\" class=\"aligncenter wp-image-12762 size-full\" title=\"SUSPENSION, EIKON BASIC, FR\u00caNE, BLANC, H35CM - SCHNEID\" src=\"https:\/\/i0.wp.com\/blog.nedgis.com\/wp-content\/uploads\/2016\/07\/eikon-basic_julia-mulling-et-niklas-jessen_schneid_eikon-basic-ash-wood-white-white_luminaire_lighting_design_signed-25075-product.jpg?resize=700%2C638&#038;ssl=1\" alt=\"SUSPENSION, EIKON BASIC, FR\u00caNE, BLANC, H35CM - SCHNEID\" width=\"700\" height=\"638\" \/><\/a><\/p>\n<p><a href=\"https:\/\/www.nedgis.com\/products\/suspension-eikon-basic-frene-vert-menthe-h35cm-schneid\"><img data-recalc-dims=\"1\" loading=\"lazy\" decoding=\"async\" data-attachment-id=\"12763\" data-permalink=\"https:\/\/blog.nedgis.com\/es\/2016\/07\/19\/schneid-des-luminaires-design-colores-personnalisables-et-equitables\/eikon-basic_julia-mulling-et-niklas-jessen_schneid_eikon-basic-ash-wood-mint-white_luminaire_lighting_design_signed-25069-product\/\" data-orig-file=\"https:\/\/i0.wp.com\/blog.nedgis.com\/wp-content\/uploads\/2016\/07\/eikon-basic_julia-mulling-et-niklas-jessen_schneid_eikon-basic-ash-wood-mint-white_luminaire_lighting_design_signed-25069-product.jpg?fit=774%2C705&amp;ssl=1\" data-orig-size=\"774,705\" data-comments-opened=\"1\" data-image-meta=\"{&quot;aperture&quot;:&quot;0&quot;,&quot;credit&quot;:&quot;&quot;,&quot;camera&quot;:&quot;&quot;,&quot;caption&quot;:&quot;&quot;,&quot;created_timestamp&quot;:&quot;0&quot;,&quot;copyright&quot;:&quot;&quot;,&quot;focal_length&quot;:&quot;0&quot;,&quot;iso&quot;:&quot;0&quot;,&quot;shutter_speed&quot;:&quot;0&quot;,&quot;title&quot;:&quot;&quot;,&quot;orientation&quot;:&quot;0&quot;}\" data-image-title=\"SUSPENSION, EIKON BASIC, VERT MENTHE, FR\u00caNE, C\u00c2BLE NOIR, H35CM &amp;#8211; SCHNEID\" data-image-description=\"\" data-image-caption=\"\" data-large-file=\"https:\/\/i0.wp.com\/blog.nedgis.com\/wp-content\/uploads\/2016\/07\/eikon-basic_julia-mulling-et-niklas-jessen_schneid_eikon-basic-ash-wood-mint-white_luminaire_lighting_design_signed-25069-product.jpg?fit=774%2C705&amp;ssl=1\" class=\"aligncenter wp-image-12763 size-full\" title=\"SUSPENSION, EIKON BASIC, VERT MENTHE, FR\u00caNE, C\u00c2BLE NOIR, H35CM - SCHNEID\" src=\"https:\/\/i0.wp.com\/blog.nedgis.com\/wp-content\/uploads\/2016\/07\/eikon-basic_julia-mulling-et-niklas-jessen_schneid_eikon-basic-ash-wood-mint-white_luminaire_lighting_design_signed-25069-product.jpg?resize=700%2C638&#038;ssl=1\" alt=\"SUSPENSION, EIKON BASIC, VERT MENTHE, FR\u00caNE, C\u00c2BLE NOIR, H35CM - SCHNEID\" width=\"700\" height=\"638\" \/><\/a><a href=\"https:\/\/www.nedgis.com\/products\/suspension-eikon-shell-jaune-o54cm-h32cm-schneid-eikon_shell_jaune_noyer\"><img data-recalc-dims=\"1\" loading=\"lazy\" decoding=\"async\" data-attachment-id=\"12764\" data-permalink=\"https:\/\/blog.nedgis.com\/es\/2016\/07\/19\/schneid-des-luminaires-design-colores-personnalisables-et-equitables\/eikon-shell_julia-mulling-et-niklas-jessen_suspension-pendant-light-_schneid_eikon_shell_jaune_noyer__design_signed-46872-product\/\" data-orig-file=\"https:\/\/i0.wp.com\/blog.nedgis.com\/wp-content\/uploads\/2016\/07\/eikon-shell_julia-mulling-et-niklas-jessen_suspension-pendant-light-_schneid_eikon_shell_jaune_noyer__design_signed-46872-product.jpg?fit=774%2C705&amp;ssl=1\" data-orig-size=\"774,705\" data-comments-opened=\"1\" data-image-meta=\"{&quot;aperture&quot;:&quot;0&quot;,&quot;credit&quot;:&quot;&quot;,&quot;camera&quot;:&quot;&quot;,&quot;caption&quot;:&quot;&quot;,&quot;created_timestamp&quot;:&quot;0&quot;,&quot;copyright&quot;:&quot;&quot;,&quot;focal_length&quot;:&quot;0&quot;,&quot;iso&quot;:&quot;0&quot;,&quot;shutter_speed&quot;:&quot;0&quot;,&quot;title&quot;:&quot;&quot;,&quot;orientation&quot;:&quot;0&quot;}\" data-image-title=\"SUSPENSION, EIKON SHELL, JAUNE, NOYER, \u00d854CM, H32CM &amp;#8211; SCHNEID\" data-image-description=\"\" data-image-caption=\"\" data-large-file=\"https:\/\/i0.wp.com\/blog.nedgis.com\/wp-content\/uploads\/2016\/07\/eikon-shell_julia-mulling-et-niklas-jessen_suspension-pendant-light-_schneid_eikon_shell_jaune_noyer__design_signed-46872-product.jpg?fit=774%2C705&amp;ssl=1\" class=\"aligncenter wp-image-12764 size-full\" title=\"SUSPENSION, EIKON SHELL, JAUNE, NOYER, \u00d854CM, H32CM - SCHNEID\" src=\"https:\/\/i0.wp.com\/blog.nedgis.com\/wp-content\/uploads\/2016\/07\/eikon-shell_julia-mulling-et-niklas-jessen_suspension-pendant-light-_schneid_eikon_shell_jaune_noyer__design_signed-46872-product.jpg?resize=700%2C638&#038;ssl=1\" alt=\"SUSPENSION, EIKON SHELL, JAUNE, NOYER, \u00d854CM, H32CM - SCHNEID\" width=\"700\" height=\"638\" \/><\/a><\/p>\n<p>La forme de l&rsquo;ombre \u00e9voque les souvenirs d&rsquo;un chapiteau de cirque traditionnel. Une impression rehauss\u00e9e par la puret\u00e9 de la nuance \u00e9l\u00e9gante \u00ab\u00a0Blanc\u00a0\u00bb ou l&rsquo;\u00e9l\u00e9gance harmonieuse de la couleur \u00ab\u00a0Rose p\u00e2le\u00a0\u00bb, \u00ab\u00a0Paon\u00a0\u00bb et \u00ab\u00a0Bourgogne\u00a0\u00bb, qui ram\u00e8ne des \u00e9l\u00e9ments de nostalgie.<\/p>\n<p>La s\u00e9rie modulaire offre un libre choix de forme, de couleur et de mat\u00e9riau pour combiner la base en<a href=\"https:\/\/blog.nedgis.com\/es\/categoria\/lamparas-por-material\/lampara-madera\/\"><span style=\"color: #333399;\"> madera<\/span><\/a> et l&rsquo;abat-jour &#8211; donnant une touche personnalisable et libre \u00e0 tout espace int\u00e9rieur.<\/p>\n<p><a href=\"https:\/\/www.nedgis.com\/products\/suspension-eikon-circus-rose-pale-frene-o40cm-h35cm-schneid\"><img data-recalc-dims=\"1\" loading=\"lazy\" decoding=\"async\" data-attachment-id=\"12766\" data-permalink=\"https:\/\/blog.nedgis.com\/es\/2016\/07\/19\/schneid-des-luminaires-design-colores-personnalisables-et-equitables\/circus-_julia-mulling-et-niklas-jessen_suspension-pendant-light-_schneid_eikon_circus_black_oak_pale_rose__design_signed_nedgis-66797-product\/\" data-orig-file=\"https:\/\/i0.wp.com\/blog.nedgis.com\/wp-content\/uploads\/2016\/07\/circus-_julia-mulling-et-niklas-jessen_suspension-pendant-light-_schneid_eikon_circus_black_oak_pale_rose__design_signed_nedgis-66797-product.jpg?fit=774%2C705&amp;ssl=1\" data-orig-size=\"774,705\" data-comments-opened=\"1\" data-image-meta=\"{&quot;aperture&quot;:&quot;0&quot;,&quot;credit&quot;:&quot;&quot;,&quot;camera&quot;:&quot;&quot;,&quot;caption&quot;:&quot;&quot;,&quot;created_timestamp&quot;:&quot;0&quot;,&quot;copyright&quot;:&quot;&quot;,&quot;focal_length&quot;:&quot;0&quot;,&quot;iso&quot;:&quot;0&quot;,&quot;shutter_speed&quot;:&quot;0&quot;,&quot;title&quot;:&quot;&quot;,&quot;orientation&quot;:&quot;0&quot;}\" data-image-title=\"SUSPENSION, EIKON CIRCUS , ROSE P\u00c2LE, FR\u00caNE, C\u00c2BLE NOIR, \u00d840CM, H35CM &amp;#8211; SCHNEID\" data-image-description=\"\" data-image-caption=\"\" data-large-file=\"https:\/\/i0.wp.com\/blog.nedgis.com\/wp-content\/uploads\/2016\/07\/circus-_julia-mulling-et-niklas-jessen_suspension-pendant-light-_schneid_eikon_circus_black_oak_pale_rose__design_signed_nedgis-66797-product.jpg?fit=774%2C705&amp;ssl=1\" class=\"aligncenter wp-image-12766 size-full\" title=\"SUSPENSION, EIKON CIRCUS , ROSE P\u00c2LE, FR\u00caNE, C\u00c2BLE NOIR, \u00d840CM, H35CM - SCHNEID\" src=\"https:\/\/i0.wp.com\/blog.nedgis.com\/wp-content\/uploads\/2016\/07\/circus-_julia-mulling-et-niklas-jessen_suspension-pendant-light-_schneid_eikon_circus_black_oak_pale_rose__design_signed_nedgis-66797-product.jpg?resize=700%2C638&#038;ssl=1\" alt=\"SUSPENSION, EIKON CIRCUS , ROSE P\u00c2LE, FR\u00caNE, C\u00c2BLE NOIR, \u00d840CM, H35CM - SCHNEID\" width=\"700\" height=\"638\" \/><\/a><a href=\"https:\/\/www.nedgis.com\/products\/suspension-circus-bleu-o40cm-h35cm-schneid\"><img data-recalc-dims=\"1\" loading=\"lazy\" decoding=\"async\" data-attachment-id=\"12767\" data-permalink=\"https:\/\/blog.nedgis.com\/es\/2016\/07\/19\/schneid-des-luminaires-design-colores-personnalisables-et-equitables\/circus-_julia-mulling-et-niklas-jessen_suspension-pendant-light-_schneid_eikon_circus_black_oak_blue_green__design_signed_nedgis-66404-product\/\" data-orig-file=\"https:\/\/i0.wp.com\/blog.nedgis.com\/wp-content\/uploads\/2016\/07\/circus-_julia-mulling-et-niklas-jessen_suspension-pendant-light-_schneid_eikon_circus_black_oak_blue_green__design_signed_nedgis-66404-product.jpg?fit=774%2C705&amp;ssl=1\" data-orig-size=\"774,705\" data-comments-opened=\"1\" data-image-meta=\"{&quot;aperture&quot;:&quot;0&quot;,&quot;credit&quot;:&quot;&quot;,&quot;camera&quot;:&quot;&quot;,&quot;caption&quot;:&quot;&quot;,&quot;created_timestamp&quot;:&quot;0&quot;,&quot;copyright&quot;:&quot;&quot;,&quot;focal_length&quot;:&quot;0&quot;,&quot;iso&quot;:&quot;0&quot;,&quot;shutter_speed&quot;:&quot;0&quot;,&quot;title&quot;:&quot;&quot;,&quot;orientation&quot;:&quot;0&quot;}\" data-image-title=\"SUSPENSION, EIKON CIRCUS , BLEU, \u00d840CM, H35CM &amp;#8211; SCHNEID\" data-image-description=\"\" data-image-caption=\"\" data-large-file=\"https:\/\/i0.wp.com\/blog.nedgis.com\/wp-content\/uploads\/2016\/07\/circus-_julia-mulling-et-niklas-jessen_suspension-pendant-light-_schneid_eikon_circus_black_oak_blue_green__design_signed_nedgis-66404-product.jpg?fit=774%2C705&amp;ssl=1\" class=\"aligncenter wp-image-12767 size-full\" title=\"SUSPENSION, EIKON CIRCUS , BLEU, \u00d840CM, H35CM - SCHNEID\" src=\"https:\/\/i0.wp.com\/blog.nedgis.com\/wp-content\/uploads\/2016\/07\/circus-_julia-mulling-et-niklas-jessen_suspension-pendant-light-_schneid_eikon_circus_black_oak_blue_green__design_signed_nedgis-66404-product.jpg?resize=700%2C638&#038;ssl=1\" alt=\"SUSPENSION, EIKON CIRCUS , BLEU, \u00d840CM, H35CM - SCHNEID\" width=\"700\" height=\"638\" \/><\/a><\/p>\n<hr \/>\n<p>La colecci\u00f3n <a href=\"https:\/\/www.nedgis.com\/q\/marque--schneid\/modele--figura\"><span style=\"color: #333399;\">Figura<\/span><\/a> sortie en 2018 est \u00e9galement un v\u00e9ritable coup de g\u00e9nie\u00a0!<\/p>\n<p>\u201cFigura \u201c, un nom m\u00e9lodieux qui fait r\u00e9f\u00e9rence \u00e0 la forme sp\u00e9ciale de l&rsquo;\u00e9clairage. Par l&rsquo;utilisation ludique des lignes et des formes, trois versions diff\u00e9rentes ont \u00e9t\u00e9 cr\u00e9\u00e9es, chacune d&rsquo;entre elles, individuellement ou en combinaison, d\u00e9gageant de la gr\u00e2ce.<\/p>\n<p><img data-recalc-dims=\"1\" loading=\"lazy\" decoding=\"async\" data-attachment-id=\"12768\" data-permalink=\"https:\/\/blog.nedgis.com\/es\/2016\/07\/19\/schneid-des-luminaires-design-colores-personnalisables-et-equitables\/figura-cone_julia-mulling-et-niklas-jessen_suspension-pendant-light-_schneid_figura_cone_chrome__design_signed_nedgis-66027-product\/\" data-orig-file=\"https:\/\/i0.wp.com\/blog.nedgis.com\/wp-content\/uploads\/2016\/07\/figura-cone_julia-mulling-et-niklas-jessen_suspension-pendant-light-_schneid_figura_cone_chrome__design_signed_nedgis-66027-product.jpg?fit=774%2C705&amp;ssl=1\" data-orig-size=\"774,705\" data-comments-opened=\"1\" data-image-meta=\"{&quot;aperture&quot;:&quot;0&quot;,&quot;credit&quot;:&quot;&quot;,&quot;camera&quot;:&quot;&quot;,&quot;caption&quot;:&quot;&quot;,&quot;created_timestamp&quot;:&quot;0&quot;,&quot;copyright&quot;:&quot;&quot;,&quot;focal_length&quot;:&quot;0&quot;,&quot;iso&quot;:&quot;0&quot;,&quot;shutter_speed&quot;:&quot;0&quot;,&quot;title&quot;:&quot;&quot;,&quot;orientation&quot;:&quot;0&quot;}\" data-image-title=\"SUSPENSION, FIGURA CONE, CHROME, \u00d820CM, H45CM &amp;#8211; SCHNEID\" data-image-description=\"\" data-image-caption=\"\" data-large-file=\"https:\/\/i0.wp.com\/blog.nedgis.com\/wp-content\/uploads\/2016\/07\/figura-cone_julia-mulling-et-niklas-jessen_suspension-pendant-light-_schneid_figura_cone_chrome__design_signed_nedgis-66027-product.jpg?fit=774%2C705&amp;ssl=1\" class=\"aligncenter wp-image-12768 size-full\" title=\"SUSPENSION, FIGURA CONE, CHROME, \u00d820CM, H45CM - SCHNEID\" src=\"https:\/\/i0.wp.com\/blog.nedgis.com\/wp-content\/uploads\/2016\/07\/figura-cone_julia-mulling-et-niklas-jessen_suspension-pendant-light-_schneid_figura_cone_chrome__design_signed_nedgis-66027-product.jpg?resize=700%2C638&#038;ssl=1\" alt=\"SUSPENSION, FIGURA CONE, CHROME, \u00d820CM, H45CM - SCHNEID\" width=\"700\" height=\"638\" \/><\/p>\n<p><a href=\"https:\/\/www.nedgis.com\/q\/marque--schneid\/modele--figura\"><span style=\"color: #333399;\">Figura<\/span><\/a> donne vie \u00e0 des formes classiques. En tant que source lumineuse unique ou en combinaison avec d&rsquo;autres lampes Figura, elle \u00e9met une lumi\u00e8re agr\u00e9able et d\u00e9ploie son esth\u00e9tique subtile, en particulier sur les comptoirs de cuisine, les bars et les bureaux. Con\u00e7u dans un souci de coh\u00e9rence, Figura donne un sentiment d&rsquo;harmonie et d&rsquo;\u00e9l\u00e9gance simple et intemporelle.<a href=\"https:\/\/www.nedgis.com\/products\/suspension-figura-cone-beige-o20cm-h45cm-schneid\"><img data-recalc-dims=\"1\" loading=\"lazy\" decoding=\"async\" data-attachment-id=\"12769\" data-permalink=\"https:\/\/blog.nedgis.com\/es\/2016\/07\/19\/schneid-des-luminaires-design-colores-personnalisables-et-equitables\/figura-arc_julia-mulling-et-niklas-jessen_suspension-pendant-light-_schneid_figura_arc_beige__design_signed_nedgis-66017-product\/\" data-orig-file=\"https:\/\/i0.wp.com\/blog.nedgis.com\/wp-content\/uploads\/2016\/07\/figura-arc_julia-mulling-et-niklas-jessen_suspension-pendant-light-_schneid_figura_arc_beige__design_signed_nedgis-66017-product.jpg?fit=774%2C705&amp;ssl=1\" data-orig-size=\"774,705\" data-comments-opened=\"1\" data-image-meta=\"{&quot;aperture&quot;:&quot;0&quot;,&quot;credit&quot;:&quot;&quot;,&quot;camera&quot;:&quot;&quot;,&quot;caption&quot;:&quot;&quot;,&quot;created_timestamp&quot;:&quot;0&quot;,&quot;copyright&quot;:&quot;&quot;,&quot;focal_length&quot;:&quot;0&quot;,&quot;iso&quot;:&quot;0&quot;,&quot;shutter_speed&quot;:&quot;0&quot;,&quot;title&quot;:&quot;&quot;,&quot;orientation&quot;:&quot;0&quot;}\" data-image-title=\"SUSPENSION, FIGURA CONE, BEIGE, \u00d820CM, H45CM &amp;#8211; SCHNEID\" data-image-description=\"\" data-image-caption=\"\" data-large-file=\"https:\/\/i0.wp.com\/blog.nedgis.com\/wp-content\/uploads\/2016\/07\/figura-arc_julia-mulling-et-niklas-jessen_suspension-pendant-light-_schneid_figura_arc_beige__design_signed_nedgis-66017-product.jpg?fit=774%2C705&amp;ssl=1\" class=\"aligncenter wp-image-12769 size-full\" title=\"SUSPENSION, FIGURA CONE, BEIGE, \u00d820CM, H45CM - SCHNEID\" src=\"https:\/\/i0.wp.com\/blog.nedgis.com\/wp-content\/uploads\/2016\/07\/figura-arc_julia-mulling-et-niklas-jessen_suspension-pendant-light-_schneid_figura_arc_beige__design_signed_nedgis-66017-product.jpg?resize=700%2C638&#038;ssl=1\" alt=\"SUSPENSION, FIGURA CONE, BEIGE, \u00d820CM, H45CM - SCHNEID\" width=\"700\" height=\"638\" \/><\/a><\/p>\n<p>L&rsquo;int\u00e9rieur blanc de la lampe renforce le contraste avec l&rsquo;ext\u00e9rieur color\u00e9 et assure un rendement lumineux optimal. La finition organique sans couture du contour int\u00e9rieur de la lampe avec la source lumineuse cr\u00e9e un d\u00e9tail original et harmonieux.<\/p>\n<p><a href=\"https:\/\/www.nedgis.com\/products\/suspension-figura-stream-beige-o16-5cm-h45cm-schneid\"><img data-recalc-dims=\"1\" loading=\"lazy\" decoding=\"async\" data-attachment-id=\"12770\" data-permalink=\"https:\/\/blog.nedgis.com\/es\/2016\/07\/19\/schneid-des-luminaires-design-colores-personnalisables-et-equitables\/figura-stream_julia-mulling-et-niklas-jessen_suspension-pendant-light-_schneid_figura_stream_beige__design_signed_nedgis-65986-product\/\" data-orig-file=\"https:\/\/i0.wp.com\/blog.nedgis.com\/wp-content\/uploads\/2016\/07\/figura-stream_julia-mulling-et-niklas-jessen_suspension-pendant-light-_schneid_figura_stream_beige__design_signed_nedgis-65986-product.jpg?fit=774%2C705&amp;ssl=1\" data-orig-size=\"774,705\" data-comments-opened=\"1\" data-image-meta=\"{&quot;aperture&quot;:&quot;0&quot;,&quot;credit&quot;:&quot;&quot;,&quot;camera&quot;:&quot;&quot;,&quot;caption&quot;:&quot;&quot;,&quot;created_timestamp&quot;:&quot;0&quot;,&quot;copyright&quot;:&quot;&quot;,&quot;focal_length&quot;:&quot;0&quot;,&quot;iso&quot;:&quot;0&quot;,&quot;shutter_speed&quot;:&quot;0&quot;,&quot;title&quot;:&quot;&quot;,&quot;orientation&quot;:&quot;0&quot;}\" data-image-title=\"SUSPENSION, FIGURA STREAM, BEIGE, \u00d816,5CM, H45CM &amp;#8211; SCHNEID\" data-image-description=\"\" data-image-caption=\"\" data-large-file=\"https:\/\/i0.wp.com\/blog.nedgis.com\/wp-content\/uploads\/2016\/07\/figura-stream_julia-mulling-et-niklas-jessen_suspension-pendant-light-_schneid_figura_stream_beige__design_signed_nedgis-65986-product.jpg?fit=774%2C705&amp;ssl=1\" class=\"aligncenter wp-image-12770 size-full\" title=\"SUSPENSION, FIGURA STREAM, BEIGE, \u00d816,5CM, H45CM - SCHNEID\" src=\"https:\/\/i0.wp.com\/blog.nedgis.com\/wp-content\/uploads\/2016\/07\/figura-stream_julia-mulling-et-niklas-jessen_suspension-pendant-light-_schneid_figura_stream_beige__design_signed_nedgis-65986-product.jpg?resize=700%2C638&#038;ssl=1\" alt=\"SUSPENSION, FIGURA STREAM, BEIGE, \u00d816,5CM, H45CM - SCHNEID\" width=\"700\" height=\"638\" \/><\/a><\/p>\n<p>Avec le tube finemetal, la ligne du c\u00e2ble devient un \u00e9l\u00e9ment de design et fait partie de la silhouette sculpturale. Les trois teintes, inspir\u00e9es de l&rsquo;esth\u00e9tique authentique des <a href=\"https:\/\/blog.nedgis.com\/es\/categoria\/estilos-y-tendencias\/industrial\/\"><span style=\"color: #333399;\">\u00e9clairages industriels<\/span><\/a> classiques, ont une expression minimaliste et graphique.<\/p>\n<p><a href=\"https:\/\/www.nedgis.com\/products\/suspension-figura-arc-orange-o10cm-h45cm-schneid\"><img data-recalc-dims=\"1\" loading=\"lazy\" decoding=\"async\" data-attachment-id=\"12771\" data-permalink=\"https:\/\/blog.nedgis.com\/es\/2016\/07\/19\/schneid-des-luminaires-design-colores-personnalisables-et-equitables\/figura-arc_julia-mulling-et-niklas-jessen_suspension-pendant-light-_schneid_figura_arc_orange__design_signed_nedgis-66012-product\/\" data-orig-file=\"https:\/\/i0.wp.com\/blog.nedgis.com\/wp-content\/uploads\/2016\/07\/figura-arc_julia-mulling-et-niklas-jessen_suspension-pendant-light-_schneid_figura_arc_orange__design_signed_nedgis-66012-product.jpg?fit=774%2C705&amp;ssl=1\" data-orig-size=\"774,705\" data-comments-opened=\"1\" data-image-meta=\"{&quot;aperture&quot;:&quot;0&quot;,&quot;credit&quot;:&quot;&quot;,&quot;camera&quot;:&quot;&quot;,&quot;caption&quot;:&quot;&quot;,&quot;created_timestamp&quot;:&quot;0&quot;,&quot;copyright&quot;:&quot;&quot;,&quot;focal_length&quot;:&quot;0&quot;,&quot;iso&quot;:&quot;0&quot;,&quot;shutter_speed&quot;:&quot;0&quot;,&quot;title&quot;:&quot;&quot;,&quot;orientation&quot;:&quot;0&quot;}\" data-image-title=\"SUSPENSION, FIGURA ARC, ORANGE, \u00d810CM, H45CM &amp;#8211; SCHNEID\" data-image-description=\"\" data-image-caption=\"\" data-large-file=\"https:\/\/i0.wp.com\/blog.nedgis.com\/wp-content\/uploads\/2016\/07\/figura-arc_julia-mulling-et-niklas-jessen_suspension-pendant-light-_schneid_figura_arc_orange__design_signed_nedgis-66012-product.jpg?fit=774%2C705&amp;ssl=1\" class=\"aligncenter wp-image-12771 size-full\" title=\"SUSPENSION, FIGURA ARC, ORANGE, \u00d810CM, H45CM - SCHNEID\" src=\"https:\/\/i0.wp.com\/blog.nedgis.com\/wp-content\/uploads\/2016\/07\/figura-arc_julia-mulling-et-niklas-jessen_suspension-pendant-light-_schneid_figura_arc_orange__design_signed_nedgis-66012-product.jpg?resize=700%2C638&#038;ssl=1\" alt=\"SUSPENSION, FIGURA ARC, ORANGE, \u00d810CM, H45CM - SCHNEID\" width=\"700\" height=\"638\" \/><\/a><a href=\"https:\/\/www.nedgis.com\/products\/suspension-figura-cone-bleu-o20cm-h45cm-schneid\"><img data-recalc-dims=\"1\" loading=\"lazy\" decoding=\"async\" data-attachment-id=\"12772\" data-permalink=\"https:\/\/blog.nedgis.com\/es\/2016\/07\/19\/schneid-des-luminaires-design-colores-personnalisables-et-equitables\/figura-cone_julia-mulling-et-niklas-jessen_suspension-pendant-light-_schneid_figura_cone_bleu__design_signed_nedgis-66376-product\/\" data-orig-file=\"https:\/\/i0.wp.com\/blog.nedgis.com\/wp-content\/uploads\/2016\/07\/figura-cone_julia-mulling-et-niklas-jessen_suspension-pendant-light-_schneid_figura_cone_bleu__design_signed_nedgis-66376-product.jpg?fit=774%2C705&amp;ssl=1\" data-orig-size=\"774,705\" data-comments-opened=\"1\" data-image-meta=\"{&quot;aperture&quot;:&quot;0&quot;,&quot;credit&quot;:&quot;&quot;,&quot;camera&quot;:&quot;&quot;,&quot;caption&quot;:&quot;&quot;,&quot;created_timestamp&quot;:&quot;0&quot;,&quot;copyright&quot;:&quot;&quot;,&quot;focal_length&quot;:&quot;0&quot;,&quot;iso&quot;:&quot;0&quot;,&quot;shutter_speed&quot;:&quot;0&quot;,&quot;title&quot;:&quot;&quot;,&quot;orientation&quot;:&quot;0&quot;}\" data-image-title=\"SUSPENSION, FIGURA CONE, BLEU, \u00d820CM, H45CM &amp;#8211; SCHNEID\" data-image-description=\"\" data-image-caption=\"\" data-large-file=\"https:\/\/i0.wp.com\/blog.nedgis.com\/wp-content\/uploads\/2016\/07\/figura-cone_julia-mulling-et-niklas-jessen_suspension-pendant-light-_schneid_figura_cone_bleu__design_signed_nedgis-66376-product.jpg?fit=774%2C705&amp;ssl=1\" class=\"aligncenter wp-image-12772 size-full\" title=\"SUSPENSION, FIGURA CONE, BLEU, \u00d820CM, H45CM - SCHNEID\" src=\"https:\/\/i0.wp.com\/blog.nedgis.com\/wp-content\/uploads\/2016\/07\/figura-cone_julia-mulling-et-niklas-jessen_suspension-pendant-light-_schneid_figura_cone_bleu__design_signed_nedgis-66376-product.jpg?resize=700%2C638&#038;ssl=1\" alt=\"SUSPENSION, FIGURA CONE, BLEU, \u00d820CM, H45CM - SCHNEID\" width=\"700\" height=\"638\" \/><\/a><\/p>\n<hr \/>\n<p>Por \u00faltimo, el <a href=\"https:\/\/www.nedgis.com\/q\/marque--schneid\/modele--kaskad-lighting\"><span style=\"color: #333399;\">Kaskad,<\/span><\/a> qui a vu le jour en 2016, traduit l\u2019\u00e9l\u00e9gance et l\u2019harmonie des luminaires que pr\u00f4ne Schneid.<\/p>\n<p><a href=\"https:\/\/www.nedgis.com\/products\/suspension-kaskad-lighting-small-rose-h17cm-schneid\"><img data-recalc-dims=\"1\" loading=\"lazy\" decoding=\"async\" data-attachment-id=\"12773\" data-permalink=\"https:\/\/blog.nedgis.com\/es\/2016\/07\/19\/schneid-des-luminaires-design-colores-personnalisables-et-equitables\/kaskad-lighting-small-_julia-mulling-et-niklas-jessen_suspension-pendant-light-_schneid-_kaskadsmallblush__design_signed-32434-product-2\/\" data-orig-file=\"https:\/\/i0.wp.com\/blog.nedgis.com\/wp-content\/uploads\/2016\/07\/kaskad-lighting-small-_julia-mulling-et-niklas-jessen_suspension-pendant-light-_schneid-_kaskadsmallblush__design_signed-32434-product.jpg?fit=774%2C705&amp;ssl=1\" data-orig-size=\"774,705\" data-comments-opened=\"1\" data-image-meta=\"{&quot;aperture&quot;:&quot;0&quot;,&quot;credit&quot;:&quot;&quot;,&quot;camera&quot;:&quot;&quot;,&quot;caption&quot;:&quot;&quot;,&quot;created_timestamp&quot;:&quot;0&quot;,&quot;copyright&quot;:&quot;&quot;,&quot;focal_length&quot;:&quot;0&quot;,&quot;iso&quot;:&quot;0&quot;,&quot;shutter_speed&quot;:&quot;0&quot;,&quot;title&quot;:&quot;&quot;,&quot;orientation&quot;:&quot;0&quot;}\" data-image-title=\"SUSPENSION, KASKAD LIGHTING SMALL , ROSE, H17CM \u00d836CM &amp;#8211; SCHNEID\" data-image-description=\"\" data-image-caption=\"\" data-large-file=\"https:\/\/i0.wp.com\/blog.nedgis.com\/wp-content\/uploads\/2016\/07\/kaskad-lighting-small-_julia-mulling-et-niklas-jessen_suspension-pendant-light-_schneid-_kaskadsmallblush__design_signed-32434-product.jpg?fit=774%2C705&amp;ssl=1\" class=\"aligncenter wp-image-12773 size-full\" title=\"SUSPENSION, KASKAD LIGHTING SMALL , ROSE, H17CM \u00d836CM - SCHNEID\" src=\"https:\/\/i0.wp.com\/blog.nedgis.com\/wp-content\/uploads\/2016\/07\/kaskad-lighting-small-_julia-mulling-et-niklas-jessen_suspension-pendant-light-_schneid-_kaskadsmallblush__design_signed-32434-product.jpg?resize=700%2C638&#038;ssl=1\" alt=\"SUSPENSION, KASKAD LIGHTING SMALL , ROSE, H17CM \u00d836CM - SCHNEID\" width=\"700\" height=\"638\" \/><\/a><\/p>\n<p><strong>\u00a0<\/strong>Des formes arrondies et audacieuses et des ondes vives font r\u00e9f\u00e9rence \u00e0 l&rsquo;eau courante d&rsquo;une cascade et d\u00e9finissent la distribution de l&rsquo;\u00e9clairage <a href=\"https:\/\/www.nedgis.com\/q\/marque--schneid\/modele--kaskad-lighting\"><span style=\"color: #333399;\">Kaskad<\/span><\/a>. Fabriqu\u00e9e en <a href=\"https:\/\/www.nedgis.com\/q\/quelle-matiere--ceramique\"><span style=\"color: #333399;\">cer\u00e1mica<\/span><\/a> dans des tons clairs, la lampe est fabriqu\u00e9e \u00e0 la main dans un atelier traditionnel en Allemagne et incarne une esth\u00e9tique pure et une forte expression visuelle.<\/p>\n<p><a href=\"https:\/\/www.nedgis.com\/products\/suspension-kaskad-lighting-big-bleu-h17cm-schneid\"><img data-recalc-dims=\"1\" loading=\"lazy\" decoding=\"async\" data-attachment-id=\"12774\" data-permalink=\"https:\/\/blog.nedgis.com\/es\/2016\/07\/19\/schneid-des-luminaires-design-colores-personnalisables-et-equitables\/kaskad-lighting-big_julia-mulling-et-niklas-jessen_suspension-pendant-light-_schneid-_kaskadsmallmidnight__design_signed-46823-product\/\" data-orig-file=\"https:\/\/i0.wp.com\/blog.nedgis.com\/wp-content\/uploads\/2016\/07\/kaskad-lighting-big_julia-mulling-et-niklas-jessen_suspension-pendant-light-_schneid-_kaskadsmallmidnight__design_signed-46823-product.jpg?fit=774%2C705&amp;ssl=1\" data-orig-size=\"774,705\" data-comments-opened=\"1\" data-image-meta=\"{&quot;aperture&quot;:&quot;0&quot;,&quot;credit&quot;:&quot;&quot;,&quot;camera&quot;:&quot;&quot;,&quot;caption&quot;:&quot;&quot;,&quot;created_timestamp&quot;:&quot;0&quot;,&quot;copyright&quot;:&quot;&quot;,&quot;focal_length&quot;:&quot;0&quot;,&quot;iso&quot;:&quot;0&quot;,&quot;shutter_speed&quot;:&quot;0&quot;,&quot;title&quot;:&quot;&quot;,&quot;orientation&quot;:&quot;0&quot;}\" data-image-title=\"SUSPENSION, KASKAD LIGHTING BIG, BLEU, H17CM \u00d857CM &amp;#8211; SCHNEID\" data-image-description=\"\" data-image-caption=\"\" data-large-file=\"https:\/\/i0.wp.com\/blog.nedgis.com\/wp-content\/uploads\/2016\/07\/kaskad-lighting-big_julia-mulling-et-niklas-jessen_suspension-pendant-light-_schneid-_kaskadsmallmidnight__design_signed-46823-product.jpg?fit=774%2C705&amp;ssl=1\" class=\"aligncenter wp-image-12774 size-full\" title=\"SUSPENSION, KASKAD LIGHTING BIG, BLEU, H17CM \u00d857CM - SCHNEID\" src=\"https:\/\/i0.wp.com\/blog.nedgis.com\/wp-content\/uploads\/2016\/07\/kaskad-lighting-big_julia-mulling-et-niklas-jessen_suspension-pendant-light-_schneid-_kaskadsmallmidnight__design_signed-46823-product.jpg?resize=700%2C638&#038;ssl=1\" alt=\"SUSPENSION, KASKAD LIGHTING BIG, BLEU, H17CM \u00d857CM - SCHNEID\" width=\"700\" height=\"638\" \/><\/a><a href=\"https:\/\/www.nedgis.com\/products\/suspension-kaskad-lighting-big-menthe-h27cm-schneid\"><img data-recalc-dims=\"1\" loading=\"lazy\" decoding=\"async\" data-attachment-id=\"12775\" data-permalink=\"https:\/\/blog.nedgis.com\/es\/2016\/07\/19\/schneid-des-luminaires-design-colores-personnalisables-et-equitables\/kaskad-lighting-big_julia-mulling-et-niklas-jessen_suspension-pendant-light-_schneid-_kaskadbigmint__design_signed-46832-product\/\" data-orig-file=\"https:\/\/i0.wp.com\/blog.nedgis.com\/wp-content\/uploads\/2016\/07\/kaskad-lighting-big_julia-mulling-et-niklas-jessen_suspension-pendant-light-_schneid-_kaskadbigmint__design_signed-46832-product.jpg?fit=774%2C705&amp;ssl=1\" data-orig-size=\"774,705\" data-comments-opened=\"1\" data-image-meta=\"{&quot;aperture&quot;:&quot;0&quot;,&quot;credit&quot;:&quot;&quot;,&quot;camera&quot;:&quot;&quot;,&quot;caption&quot;:&quot;&quot;,&quot;created_timestamp&quot;:&quot;0&quot;,&quot;copyright&quot;:&quot;&quot;,&quot;focal_length&quot;:&quot;0&quot;,&quot;iso&quot;:&quot;0&quot;,&quot;shutter_speed&quot;:&quot;0&quot;,&quot;title&quot;:&quot;&quot;,&quot;orientation&quot;:&quot;0&quot;}\" data-image-title=\"SUSPENSION, KASKAD LIGHTING BIG, MENTHE , H27CM \u00d857CM &amp;#8211; SCHNEID\" data-image-description=\"\" data-image-caption=\"\" data-large-file=\"https:\/\/i0.wp.com\/blog.nedgis.com\/wp-content\/uploads\/2016\/07\/kaskad-lighting-big_julia-mulling-et-niklas-jessen_suspension-pendant-light-_schneid-_kaskadbigmint__design_signed-46832-product.jpg?fit=774%2C705&amp;ssl=1\" class=\"aligncenter wp-image-12775 size-full\" title=\"SUSPENSION, KASKAD LIGHTING BIG, MENTHE , H27CM \u00d857CM - SCHNEID\" src=\"https:\/\/i0.wp.com\/blog.nedgis.com\/wp-content\/uploads\/2016\/07\/kaskad-lighting-big_julia-mulling-et-niklas-jessen_suspension-pendant-light-_schneid-_kaskadbigmint__design_signed-46832-product.jpg?resize=700%2C638&#038;ssl=1\" alt=\"SUSPENSION, KASKAD LIGHTING BIG, MENTHE , H27CM \u00d857CM - SCHNEID\" width=\"700\" height=\"638\" \/><\/a><\/p>\n<p>La lampe suspendue peut \u00eatre choisie parmi deux tailles diff\u00e9rentes, trois couleurs (Menthe douce&rsquo;,&rsquo;Blush&rsquo; et&rsquo;Bleu nuit&rsquo;) \u00a0et est compl\u00e9t\u00e9e par un c\u00e2ble textile de couleur assortie.<\/p>\n<p>La <a href=\"https:\/\/www.nedgis.com\/q\/marque--schneid\/modele--kaskad-lighting\"><span style=\"color: #333399;\">Kaskad<\/span> <\/a>peut \u00eatre utilis\u00e9 comme une pi\u00e8ce d&rsquo;affirmation individuelle ou suspendue dans une famille de lampes Kaskad en forme de nuage.<\/p>\n<p>La dynamique entre le mat\u00e9riau inattendu et la superbe finition, avec son expression claire et lin\u00e9aire, donne \u00e0 cette interpr\u00e9tation d&rsquo;une lampe \u00e0 <a href=\"https:\/\/www.nedgis.com\/q\/categorie--suspension\"><span style=\"color: #333399;\">suspensi\u00f3n<\/span><\/a> arch\u00e9type son caract\u00e8re unique.<\/p>\n<p><a href=\"https:\/\/www.nedgis.com\/products\/suspension-kaskad-small-bleu-o36cm-h17cm-schneid\"><img data-recalc-dims=\"1\" loading=\"lazy\" decoding=\"async\" data-attachment-id=\"12776\" data-permalink=\"https:\/\/blog.nedgis.com\/es\/2016\/07\/19\/schneid-des-luminaires-design-colores-personnalisables-et-equitables\/kaskad-small_julia-mulling-et-niklas-jessen_suspension-pendant-light-_schneid_kaskadsmallblue__design_signed-46839-product\/\" data-orig-file=\"https:\/\/i0.wp.com\/blog.nedgis.com\/wp-content\/uploads\/2016\/07\/kaskad-small_julia-mulling-et-niklas-jessen_suspension-pendant-light-_schneid_kaskadsmallblue__design_signed-46839-product.jpg?fit=774%2C705&amp;ssl=1\" data-orig-size=\"774,705\" data-comments-opened=\"1\" data-image-meta=\"{&quot;aperture&quot;:&quot;0&quot;,&quot;credit&quot;:&quot;&quot;,&quot;camera&quot;:&quot;&quot;,&quot;caption&quot;:&quot;&quot;,&quot;created_timestamp&quot;:&quot;0&quot;,&quot;copyright&quot;:&quot;&quot;,&quot;focal_length&quot;:&quot;0&quot;,&quot;iso&quot;:&quot;0&quot;,&quot;shutter_speed&quot;:&quot;0&quot;,&quot;title&quot;:&quot;&quot;,&quot;orientation&quot;:&quot;0&quot;}\" data-image-title=\"SUSPENSION, KASKAD SMALL, BLEU, \u00d836CM, H17CM &amp;#8211; SCHNEID\" data-image-description=\"\" data-image-caption=\"\" data-large-file=\"https:\/\/i0.wp.com\/blog.nedgis.com\/wp-content\/uploads\/2016\/07\/kaskad-small_julia-mulling-et-niklas-jessen_suspension-pendant-light-_schneid_kaskadsmallblue__design_signed-46839-product.jpg?fit=774%2C705&amp;ssl=1\" class=\"aligncenter wp-image-12776 size-full\" title=\"SUSPENSION, KASKAD SMALL, BLEU, \u00d836CM, H17CM - SCHNEID\" src=\"https:\/\/i0.wp.com\/blog.nedgis.com\/wp-content\/uploads\/2016\/07\/kaskad-small_julia-mulling-et-niklas-jessen_suspension-pendant-light-_schneid_kaskadsmallblue__design_signed-46839-product.jpg?resize=700%2C638&#038;ssl=1\" alt=\"SUSPENSION, KASKAD SMALL, BLEU, \u00d836CM, H17CM - SCHNEID\" width=\"700\" height=\"638\" \/><\/a><\/p>\n<p><a href=\"https:\/\/www.nedgis.com\/products\/suspension-kaskad-lighting-big-rose-h27cm-schneid\"><img data-recalc-dims=\"1\" loading=\"lazy\" decoding=\"async\" data-attachment-id=\"12777\" data-permalink=\"https:\/\/blog.nedgis.com\/es\/2016\/07\/19\/schneid-des-luminaires-design-colores-personnalisables-et-equitables\/kaskad-lighting-big_julia-mulling-et-niklas-jessen_suspension-pendant-light-_schneid-_kaskadbigblush__design_signed-46829-product\/\" data-orig-file=\"https:\/\/i0.wp.com\/blog.nedgis.com\/wp-content\/uploads\/2016\/07\/kaskad-lighting-big_julia-mulling-et-niklas-jessen_suspension-pendant-light-_schneid-_kaskadbigblush__design_signed-46829-product.jpg?fit=774%2C705&amp;ssl=1\" data-orig-size=\"774,705\" data-comments-opened=\"1\" data-image-meta=\"{&quot;aperture&quot;:&quot;0&quot;,&quot;credit&quot;:&quot;&quot;,&quot;camera&quot;:&quot;&quot;,&quot;caption&quot;:&quot;&quot;,&quot;created_timestamp&quot;:&quot;0&quot;,&quot;copyright&quot;:&quot;&quot;,&quot;focal_length&quot;:&quot;0&quot;,&quot;iso&quot;:&quot;0&quot;,&quot;shutter_speed&quot;:&quot;0&quot;,&quot;title&quot;:&quot;&quot;,&quot;orientation&quot;:&quot;0&quot;}\" data-image-title=\"SUSPENSION, KASKAD LIGHTING BIG, ROSE, H27CM \u00d857CM &amp;#8211; SCHNEID\" data-image-description=\"\" data-image-caption=\"\" data-large-file=\"https:\/\/i0.wp.com\/blog.nedgis.com\/wp-content\/uploads\/2016\/07\/kaskad-lighting-big_julia-mulling-et-niklas-jessen_suspension-pendant-light-_schneid-_kaskadbigblush__design_signed-46829-product.jpg?fit=774%2C705&amp;ssl=1\" class=\"aligncenter wp-image-12777 size-full\" title=\"SUSPENSION, KASKAD LIGHTING BIG, ROSE, H27CM \u00d857CM - SCHNEID\" src=\"https:\/\/i0.wp.com\/blog.nedgis.com\/wp-content\/uploads\/2016\/07\/kaskad-lighting-big_julia-mulling-et-niklas-jessen_suspension-pendant-light-_schneid-_kaskadbigblush__design_signed-46829-product.jpg?resize=700%2C638&#038;ssl=1\" alt=\"SUSPENSION, KASKAD LIGHTING BIG, ROSE, H27CM \u00d857CM - SCHNEID\" width=\"700\" height=\"638\" \/><\/a><a href=\"https:\/\/www.nedgis.com\/products\/suspension-kaskad-lighting-small-menthe-h17cm-schneid\"><img data-recalc-dims=\"1\" loading=\"lazy\" decoding=\"async\" data-attachment-id=\"12778\" data-permalink=\"https:\/\/blog.nedgis.com\/es\/2016\/07\/19\/schneid-des-luminaires-design-colores-personnalisables-et-equitables\/kaskad-lighting-small-_julia-mulling-et-niklas-jessen_suspension-pendant-light-_schneid-_kaskadsmallmint__design_signed-46837-product\/\" data-orig-file=\"https:\/\/i0.wp.com\/blog.nedgis.com\/wp-content\/uploads\/2016\/07\/kaskad-lighting-small-_julia-mulling-et-niklas-jessen_suspension-pendant-light-_schneid-_kaskadsmallmint__design_signed-46837-product.jpg?fit=774%2C705&amp;ssl=1\" data-orig-size=\"774,705\" data-comments-opened=\"1\" data-image-meta=\"{&quot;aperture&quot;:&quot;0&quot;,&quot;credit&quot;:&quot;&quot;,&quot;camera&quot;:&quot;&quot;,&quot;caption&quot;:&quot;&quot;,&quot;created_timestamp&quot;:&quot;0&quot;,&quot;copyright&quot;:&quot;&quot;,&quot;focal_length&quot;:&quot;0&quot;,&quot;iso&quot;:&quot;0&quot;,&quot;shutter_speed&quot;:&quot;0&quot;,&quot;title&quot;:&quot;&quot;,&quot;orientation&quot;:&quot;0&quot;}\" data-image-title=\"SUSPENSION, KASKAD LIGHTING SMALL , MENTHE , H17CM \u00d836CM &amp;#8211; SCHNEID\" data-image-description=\"\" data-image-caption=\"\" data-large-file=\"https:\/\/i0.wp.com\/blog.nedgis.com\/wp-content\/uploads\/2016\/07\/kaskad-lighting-small-_julia-mulling-et-niklas-jessen_suspension-pendant-light-_schneid-_kaskadsmallmint__design_signed-46837-product.jpg?fit=774%2C705&amp;ssl=1\" class=\"aligncenter wp-image-12778 size-full\" title=\"SUSPENSION, KASKAD LIGHTING SMALL , MENTHE , H17CM \u00d836CM - SCHNEID\" src=\"https:\/\/i0.wp.com\/blog.nedgis.com\/wp-content\/uploads\/2016\/07\/kaskad-lighting-small-_julia-mulling-et-niklas-jessen_suspension-pendant-light-_schneid-_kaskadsmallmint__design_signed-46837-product.jpg?resize=700%2C638&#038;ssl=1\" alt=\"SUSPENSION, KASKAD LIGHTING SMALL , MENTHE , H17CM \u00d836CM - SCHNEID\" width=\"700\" height=\"638\" \/><\/a><\/p>\n<hr \/>\n<p>&nbsp;<\/p>\n<p><em>\u00c9dition :\u00a0<span style=\"color: #000080;\"><a style=\"color: #000080;\" href=\"https:\/\/www.nedgis.com\/brands\/schneid\">Schneid<\/a><\/span><\/em><br \/>\n<em>Designers :\u00a0<span style=\"color: #000080;\"><a style=\"color: #000080;\" href=\"https:\/\/www.nedgis.com\/designers\/julia-mulling-et-niklas-jessen\">Julia Mulling et Niklas Jessen<\/a><\/span><\/em><\/p>\n<hr \/>\n<p>Tous ces produits sont disponibles sur\u00a0<a href=\"https:\/\/www.nedgis.com\/\"><span style=\"color: #000080;\">Nedgis.<\/span><br \/>\n<\/a>Pour plus d\u2019informations n\u2019h\u00e9sitez pas \u00e0\u00a0<span style=\"color: #000080;\"><a style=\"color: #000080;\" href=\"https:\/\/www.nedgis.com\/contacts\/new?is_pro=false\">contacto con nosotros.<\/a>.\u00a0<\/span><\/p>\n<p><span style=\"border-radius: 2px; text-indent: 20px; width: auto; padding: 0 4px 0 0; text-align: center; font: bold 11px\/20px 'Helvetica Neue', Helvetica, sans-serif; color: #ffffff; background: #bd081c no-repeat scroll 3px 50% \/ 14px 14px; position: absolute; opacity: .85; z-index: 8675309; display: none; cursor: pointer; top: 2059px; left: 20px;\">Reg\u00edstrese en<\/span><\/p>\n<p><span style=\"border-radius: 2px; text-indent: 20px; width: auto; padding: 0 4px 0 0; text-align: center; font: bold 11px\/20px 'Helvetica Neue', Helvetica, sans-serif; color: #ffffff; background: #bd081c no-repeat scroll 3px 50% \/ 14px 14px; position: absolute; opacity: .85; z-index: 8675309; display: none; cursor: pointer; top: 2083px; left: 20px;\">Reg\u00edstrese en<\/span><\/p>","protected":false},"excerpt":{"rendered":"<p>Le studio de design allemand Schneid propose des luminaires au style scandinave et aux couleurs vari\u00e9es, enti\u00e8rement personnalisables et modulables \u00e0 souhait. Le commerce \u00e9quitable et l\u2019\u00e9cologie sont deux valeurs ch\u00e8res \u00e0 Schneid. L\u2019histoire de Schneid commence en 2012, lorsque deux passionn\u00e9s de design se rencontrent et d\u00e9cident de cr\u00e9er leur propre studio\u00a0: Niklas Jessen [&hellip;]<\/p>\n","protected":false},"author":64499198,"featured_media":6161,"comment_status":"open","ping_status":"open","sticky":false,"template":"","format":"gallery","meta":{"_coblocks_attr":"","_coblocks_dimensions":"","_coblocks_responsive_height":"","_coblocks_accordion_ie_support":"","advanced_seo_description":"","jetpack_seo_html_title":"","jetpack_seo_noindex":false,"jetpack_seo_schema_type":"","_jetpack_newsletter_access":"","_jetpack_dont_email_post_to_subs":false,"_jetpack_newsletter_tier_id":0,"_jetpack_memberships_contains_paywalled_content":false,"_wpcom_ai_launchpad_first_post":false,"_jetpack_feature_clip_id":0,"_jetpack_memberships_contains_paid_content":false,"footnotes":"","jetpack_publicize_message":"{title}\n\n{excerpt}\n\n{url}","jetpack_publicize_feature_enabled":true,"jetpack_social_post_already_shared":false,"jetpack_social_options":{"image_generator_settings":{"template":"highway","default_image_id":0,"font":"","enabled":false},"version":2},"_wpas_customize_per_network":false,"jetpack_post_was_ever_published":false},"categories":[26386,350176,296598013,304196765],"tags":[262167772,408900443,12542637,57194680,1569240,43362079,197172151,160731889,102270,770270032,288453363,518616154,322615736,518616152,518616158,476088022,518616134,105677,770270043,160731892,2571113,12657793,32951137,1305812,518616142,307207919,518616138,361596448,44955724,216640,3191044,1182387],"class_list":["post-6145","post","type-post","status-publish","format-gallery","has-post-thumbnail","hentry","category-coups-de-coeur","category-luminaire","category-luminaire-bois","category-scandinave-styles-et-tendances","tag-2moons-luminaire","tag-acheter-une-lampe","tag-design-scandinave","tag-designers-allemands","tag-eikon","tag-german-design-award","tag-green-product-award","tag-julia-mulling","tag-junit","tag-luminaire","tag-luminaire-ecologique","tag-luminaire-equitable","tag-luminaire-eco-concu","tag-luminaire-foret-lubeck","tag-luminaire-frene","tag-luminaire-pop","tag-luminaires-colores","tag-luxe","tag-nedgis","tag-niklas-jessen","tag-pendant-light","tag-pirum","tag-schneid","tag-secundum","tag-studio-schneid","tag-suspension-coloree","tag-suspension-pastel","tag-suspension-personnalisable","tag-suspension-scandinave","tag-suspensions","tag-volum","tag-zappy","post_format-post-format-gallery"],"jetpack_publicize_connections":[],"jetpack_likes_enabled":true,"jetpack_sharing_enabled":true,"jetpack_shortlink":"https:\/\/wp.me\/p4ySCb-1B7","jetpack-related-posts":[],"jetpack_featured_media_url":"https:\/\/i0.wp.com\/blog.nedgis.com\/wp-content\/uploads\/2016\/07\/eikon_wordpress1.jpg?fit=774%2C705&ssl=1","_links":{"self":[{"href":"https:\/\/blog.nedgis.com\/es\/wp-json\/wp\/v2\/posts\/6145","targetHints":{"allow":["GET"]}}],"collection":[{"href":"https:\/\/blog.nedgis.com\/es\/wp-json\/wp\/v2\/posts"}],"about":[{"href":"https:\/\/blog.nedgis.com\/es\/wp-json\/wp\/v2\/types\/post"}],"author":[{"embeddable":true,"href":"https:\/\/blog.nedgis.com\/es\/wp-json\/wp\/v2\/users\/64499198"}],"replies":[{"embeddable":true,"href":"https:\/\/blog.nedgis.com\/es\/wp-json\/wp\/v2\/comments?post=6145"}],"version-history":[{"count":12,"href":"https:\/\/blog.nedgis.com\/es\/wp-json\/wp\/v2\/posts\/6145\/revisions"}],"predecessor-version":[{"id":26384,"href":"https:\/\/blog.nedgis.com\/es\/wp-json\/wp\/v2\/posts\/6145\/revisions\/26384"}],"wp:featuredmedia":[{"embeddable":true,"href":"https:\/\/blog.nedgis.com\/es\/wp-json\/wp\/v2\/media\/6161"}],"wp:attachment":[{"href":"https:\/\/blog.nedgis.com\/es\/wp-json\/wp\/v2\/media?parent=6145"}],"wp:term":[{"taxonomy":"category","embeddable":true,"href":"https:\/\/blog.nedgis.com\/es\/wp-json\/wp\/v2\/categories?post=6145"},{"taxonomy":"post_tag","embeddable":true,"href":"https:\/\/blog.nedgis.com\/es\/wp-json\/wp\/v2\/tags?post=6145"}],"curies":[{"name":"wp","href":"https:\/\/api.w.org\/{rel}","templated":true}]}}