{"id":22026,"date":"2022-06-22T10:00:00","date_gmt":"2022-06-22T08:00:00","guid":{"rendered":"https:\/\/blog.nedgis.com\/?p=22026"},"modified":"2022-05-11T12:30:56","modified_gmt":"2022-05-11T10:30:56","slug":"maison-eichholtz-en-el-corazon-de-la-elegancia-y-el-refinamiento","status":"publish","type":"post","link":"https:\/\/blog.nedgis.com\/es\/2022\/06\/22\/la-maison-eichholtz-au-coeur-de-lelegance-et-du-raffinement\/","title":{"rendered":"Eichholtz en el coraz\u00f3n de la elegancia y el refinamiento"},"content":{"rendered":"<figure class=\"wp-block-gallery has-nested-images columns-default is-cropped wp-block-gallery-1 is-layout-flex wp-block-gallery-is-layout-flex\"><\/figure>\n\n\n\n<p class=\"wp-block-paragraph\">A su fundador, Theo Eichholtz, le encantaba recorrer mercados y tiendas de todo el mundo en busca de piezas \u00fanicas. Durante un viaje a Asia en los a\u00f1os 90, qued\u00f3 tan fascinado e inspirado por los muebles coloniales chinos que empez\u00f3 a importarlos. En 1992, la empresa <a href=\"https:\/\/www.nedgis.com\/brands\/eichholtz\"><mark style=\"background-color:rgba(0, 0, 0, 0);\" class=\"has-inline-color has-vivid-cyan-blue-color\">Eichholtz<\/mark><\/a>.<\/p>\n\n\n\n<figure class=\"wp-block-image aligncenter size-large is-resized\"><a href=\"https:\/\/www.nedgis.com\/brands\/eichholtz\"><img data-recalc-dims=\"1\" loading=\"lazy\" decoding=\"async\" data-attachment-id=\"22027\" data-permalink=\"https:\/\/blog.nedgis.com\/es\/logo-10\/\" data-orig-file=\"https:\/\/i0.wp.com\/blog.nedgis.com\/wp-content\/uploads\/2022\/05\/logo-1.png?fit=822%2C324&amp;ssl=1\" data-orig-size=\"822,324\" data-comments-opened=\"1\" data-image-meta=\"{&quot;aperture&quot;:&quot;0&quot;,&quot;credit&quot;:&quot;&quot;,&quot;camera&quot;:&quot;&quot;,&quot;caption&quot;:&quot;&quot;,&quot;created_timestamp&quot;:&quot;0&quot;,&quot;copyright&quot;:&quot;&quot;,&quot;focal_length&quot;:&quot;0&quot;,&quot;iso&quot;:&quot;0&quot;,&quot;shutter_speed&quot;:&quot;0&quot;,&quot;title&quot;:&quot;&quot;,&quot;orientation&quot;:&quot;0&quot;}\" data-image-title=\"Logo\" data-image-description=\"\" data-image-caption=\"\" data-large-file=\"https:\/\/i0.wp.com\/blog.nedgis.com\/wp-content\/uploads\/2022\/05\/logo-1.png?fit=822%2C324&amp;ssl=1\" src=\"https:\/\/i0.wp.com\/blog.nedgis.com\/wp-content\/uploads\/2022\/05\/logo-1.png?resize=386%2C152&#038;ssl=1\" alt=\"\" class=\"wp-image-22027\" width=\"386\" height=\"152\" \/><\/a><\/figure>\n\n\n\n<p class=\"wp-block-paragraph\">Hoy, <a href=\"https:\/\/www.nedgis.com\/brands\/eichholtz\"><mark style=\"background-color:rgba(0, 0, 0, 0);\" class=\"has-inline-color has-vivid-cyan-blue-color\">Eichholtz<\/mark><\/a> es una de las empresas m\u00e1s importantes del mundo en el \u00e1mbito de la decoraci\u00f3n de interiores y la ambientaci\u00f3n: un mayorista de renombre de muebles de dise\u00f1o de lujo, iluminaci\u00f3n y accesorios para el hogar. Esto se debe en gran parte al trabajo y al talento de los dise\u00f1adores de su equipo. <a href=\"https:\/\/www.nedgis.com\/designers\/studio-eichholtz\"><mark style=\"background-color:rgba(0, 0, 0, 0);\" class=\"has-inline-color has-vivid-cyan-blue-color\">estudio<\/mark><\/a>&nbsp;!<\/p>\n\n\n\n<p class=\"wp-block-paragraph\">Sus productos son famosos por su gran calidad. M\u00e1s de 10.000 hoteles, restaurantes, clubes y tiendas de prestigio de todo el mundo han adoptado sus productos.<\/p>\n\n\n\n<figure class=\"wp-block-image aligncenter size-large\"><a href=\"https:\/\/www.nedgis.com\/products\/lustre-chandelier-hutchinson-laiton-o115cm-h65cm-eichholtz\"><img data-recalc-dims=\"1\" loading=\"lazy\" decoding=\"async\" width=\"774\" height=\"705\" data-attachment-id=\"22029\" data-permalink=\"https:\/\/blog.nedgis.com\/es\/2022\/06\/22\/la-maison-eichholtz-au-coeur-de-lelegance-et-du-raffinement\/chandelier-hutchinson_studio-eichholtz_lustre-chandelier-_eichholtz_114679__design_signed_nedgis-113672-product\/\" data-orig-file=\"https:\/\/i0.wp.com\/blog.nedgis.com\/wp-content\/uploads\/2022\/05\/chandelier-hutchinson_studio-eichholtz_lustre-chandelier-_eichholtz_114679__design_signed_nedgis-113672-product.jpg?fit=774%2C705&amp;ssl=1\" data-orig-size=\"774,705\" data-comments-opened=\"1\" data-image-meta=\"{&quot;aperture&quot;:&quot;0&quot;,&quot;credit&quot;:&quot;&quot;,&quot;camera&quot;:&quot;&quot;,&quot;caption&quot;:&quot;&quot;,&quot;created_timestamp&quot;:&quot;0&quot;,&quot;copyright&quot;:&quot;&quot;,&quot;focal_length&quot;:&quot;0&quot;,&quot;iso&quot;:&quot;0&quot;,&quot;shutter_speed&quot;:&quot;0&quot;,&quot;title&quot;:&quot;&quot;,&quot;orientation&quot;:&quot;0&quot;}\" data-image-title=\"chandelier-hutchinson_studio-eichholtz_lustre-chandelier-_eichholtz_114679__design_signed_nedgis-113672-product\" data-image-description=\"\" data-image-caption=\"\" data-large-file=\"https:\/\/i0.wp.com\/blog.nedgis.com\/wp-content\/uploads\/2022\/05\/chandelier-hutchinson_studio-eichholtz_lustre-chandelier-_eichholtz_114679__design_signed_nedgis-113672-product.jpg?fit=774%2C705&amp;ssl=1\" src=\"https:\/\/i0.wp.com\/blog.nedgis.com\/wp-content\/uploads\/2022\/05\/chandelier-hutchinson_studio-eichholtz_lustre-chandelier-_eichholtz_114679__design_signed_nedgis-113672-product.jpg?resize=774%2C705&#038;ssl=1\" alt=\"\" class=\"wp-image-22029\" title=\"L\u00e1mpara HUTCHINSON, lat\u00f3n, \u00d8115cm, H65cm - Eichholtz\" \/><\/a><\/figure>\n\n\n\n<p class=\"wp-block-paragraph\">Eichholtz concede gran importancia al equilibrio de sus luminarias. La elegancia y la riqueza de sus luminarias se aprecian no s\u00f3lo en la est\u00e9tica, sino tambi\u00e9n en la propia luz. Es la luminaria en su conjunto la que crea elegancia.<\/p>\n\n\n\n<p class=\"wp-block-paragraph\">Manteniendo un alto nivel de especializaci\u00f3n, su objetivo es ofrecer soluciones de iluminaci\u00f3n atemporales e innovadoras. <a href=\"https:\/\/blog.nedgis.com\/es\/categoria\/estilos-y-tendencias\/contemporaneo\/\"><mark style=\"background-color:rgba(0, 0, 0, 0);\" class=\"has-inline-color has-vivid-cyan-blue-color\">contempor\u00e1neo<\/mark><\/a> que sin duda pasar\u00e1n a la historia de la iluminaci\u00f3n.<\/p>\n\n\n\n<figure class=\"wp-block-image aligncenter size-large\"><a href=\"https:\/\/www.nedgis.com\/products\/lampe-a-poser-table-lamp-berkley-laiton-verre-l40-5cm-h63-5cm-eichholtz\"><img data-recalc-dims=\"1\" loading=\"lazy\" decoding=\"async\" width=\"774\" height=\"705\" data-attachment-id=\"22030\" data-permalink=\"https:\/\/blog.nedgis.com\/es\/2022\/06\/22\/la-maison-eichholtz-au-coeur-de-lelegance-et-du-raffinement\/spiridon-5-light_studio-eichholtz_suspension-pendant-light-_eichholtz_112645__design_signed_nedgis-118261-product\/\" data-orig-file=\"https:\/\/i0.wp.com\/blog.nedgis.com\/wp-content\/uploads\/2022\/05\/spiridon-5-light_studio-eichholtz_suspension-pendant-light-_eichholtz_112645__design_signed_nedgis-118261-product.jpg?fit=774%2C705&amp;ssl=1\" data-orig-size=\"774,705\" data-comments-opened=\"1\" data-image-meta=\"{&quot;aperture&quot;:&quot;0&quot;,&quot;credit&quot;:&quot;&quot;,&quot;camera&quot;:&quot;&quot;,&quot;caption&quot;:&quot;&quot;,&quot;created_timestamp&quot;:&quot;0&quot;,&quot;copyright&quot;:&quot;&quot;,&quot;focal_length&quot;:&quot;0&quot;,&quot;iso&quot;:&quot;0&quot;,&quot;shutter_speed&quot;:&quot;0&quot;,&quot;title&quot;:&quot;&quot;,&quot;orientation&quot;:&quot;0&quot;}\" data-image-title=\"spiridon-5-light_studio-eichholtz_suspension-pendant-light-_eichholtz_112645__design_signed_nedgis-118261-product\" data-image-description=\"\" data-image-caption=\"\" data-large-file=\"https:\/\/i0.wp.com\/blog.nedgis.com\/wp-content\/uploads\/2022\/05\/spiridon-5-light_studio-eichholtz_suspension-pendant-light-_eichholtz_112645__design_signed_nedgis-118261-product.jpg?fit=774%2C705&amp;ssl=1\" src=\"https:\/\/i0.wp.com\/blog.nedgis.com\/wp-content\/uploads\/2022\/05\/spiridon-5-light_studio-eichholtz_suspension-pendant-light-_eichholtz_112645__design_signed_nedgis-118261-product.jpg?resize=774%2C705&#038;ssl=1\" alt=\"\" class=\"wp-image-22030\" title=\"L\u00e1mpara de mesa, BERKLEY, lat\u00f3n, cristal , L40,5cm, H63,5cm - Eichholtz\" \/><\/a><\/figure>\n\n\n\n<figure class=\"wp-block-image aligncenter size-large\"><a href=\"https:\/\/www.nedgis.com\/products\/lustre-verbier-s-verre-transparent-chrome-o62cm-h53cm-eichholtz\"><img data-recalc-dims=\"1\" loading=\"lazy\" decoding=\"async\" width=\"774\" height=\"705\" data-attachment-id=\"22032\" data-permalink=\"https:\/\/blog.nedgis.com\/es\/2022\/06\/22\/la-maison-eichholtz-au-coeur-de-lelegance-et-du-raffinement\/verbier-s_studio-eichholtz_lustre-chandelier-_eichholtz_114781__design_signed_nedgis-116571-product\/\" data-orig-file=\"https:\/\/i0.wp.com\/blog.nedgis.com\/wp-content\/uploads\/2022\/05\/verbier-s_studio-eichholtz_lustre-chandelier-_eichholtz_114781__design_signed_nedgis-116571-product.jpg?fit=774%2C705&amp;ssl=1\" data-orig-size=\"774,705\" data-comments-opened=\"1\" data-image-meta=\"{&quot;aperture&quot;:&quot;0&quot;,&quot;credit&quot;:&quot;&quot;,&quot;camera&quot;:&quot;&quot;,&quot;caption&quot;:&quot;&quot;,&quot;created_timestamp&quot;:&quot;0&quot;,&quot;copyright&quot;:&quot;&quot;,&quot;focal_length&quot;:&quot;0&quot;,&quot;iso&quot;:&quot;0&quot;,&quot;shutter_speed&quot;:&quot;0&quot;,&quot;title&quot;:&quot;&quot;,&quot;orientation&quot;:&quot;0&quot;}\" data-image-title=\"verbier-s_studio-eichholtz_lustre-chandelier-_eichholtz_114781__design_signed_nedgis-116571-product\" data-image-description=\"\" data-image-caption=\"\" data-large-file=\"https:\/\/i0.wp.com\/blog.nedgis.com\/wp-content\/uploads\/2022\/05\/verbier-s_studio-eichholtz_lustre-chandelier-_eichholtz_114781__design_signed_nedgis-116571-product.jpg?fit=774%2C705&amp;ssl=1\" src=\"https:\/\/i0.wp.com\/blog.nedgis.com\/wp-content\/uploads\/2022\/05\/verbier-s_studio-eichholtz_lustre-chandelier-_eichholtz_114781__design_signed_nedgis-116571-product.jpg?resize=774%2C705&#038;ssl=1\" alt=\"\" class=\"wp-image-22032\" title=\"L\u00e1mpara de ara\u00f1a, Verbier S, cristal transparente, cromo, \u00d862cm, H53cm - Eichholtz\" \/><\/a><\/figure>\n\n\n\n<figure class=\"wp-block-image aligncenter size-large\"><a href=\"https:\/\/www.nedgis.com\/products\/lustre-chandelier-largo-laiton-l176cm-h60-5cm-eichholtz\"><img data-recalc-dims=\"1\" loading=\"lazy\" decoding=\"async\" width=\"774\" height=\"705\" data-attachment-id=\"22033\" data-permalink=\"https:\/\/blog.nedgis.com\/es\/2022\/06\/22\/la-maison-eichholtz-au-coeur-de-lelegance-et-du-raffinement\/chandelier-largo__lustre-chandelier-_eichholtz_112078__design_signed_nedgis-147661-product\/\" data-orig-file=\"https:\/\/i0.wp.com\/blog.nedgis.com\/wp-content\/uploads\/2022\/05\/chandelier-largo__lustre-chandelier-_eichholtz_112078__design_signed_nedgis-147661-product.jpg?fit=774%2C705&amp;ssl=1\" data-orig-size=\"774,705\" data-comments-opened=\"1\" data-image-meta=\"{&quot;aperture&quot;:&quot;0&quot;,&quot;credit&quot;:&quot;&quot;,&quot;camera&quot;:&quot;&quot;,&quot;caption&quot;:&quot;&quot;,&quot;created_timestamp&quot;:&quot;0&quot;,&quot;copyright&quot;:&quot;&quot;,&quot;focal_length&quot;:&quot;0&quot;,&quot;iso&quot;:&quot;0&quot;,&quot;shutter_speed&quot;:&quot;0&quot;,&quot;title&quot;:&quot;&quot;,&quot;orientation&quot;:&quot;0&quot;}\" data-image-title=\"chandelier-largo__lustre-chandelier-_eichholtz_112078__design_signed_nedgis-147661-product\" data-image-description=\"\" data-image-caption=\"\" data-large-file=\"https:\/\/i0.wp.com\/blog.nedgis.com\/wp-content\/uploads\/2022\/05\/chandelier-largo__lustre-chandelier-_eichholtz_112078__design_signed_nedgis-147661-product.jpg?fit=774%2C705&amp;ssl=1\" src=\"https:\/\/i0.wp.com\/blog.nedgis.com\/wp-content\/uploads\/2022\/05\/chandelier-largo__lustre-chandelier-_eichholtz_112078__design_signed_nedgis-147661-product.jpg?resize=774%2C705&#038;ssl=1\" alt=\"\" class=\"wp-image-22033\" title=\"Ara\u00f1a, Largo, lat\u00f3n, A176cm, A60,5cm - EICHHOLTZ\" \/><\/a><\/figure>\n\n\n\n<p class=\"wp-block-paragraph\">Adem\u00e1s, muchos de sus productos son de una calidad excepcional y constituyen interpretaciones modernas de antig\u00fcedades fascinantes. Ya sean sus <a href=\"https:\/\/blog.nedgis.com\/es\/categoria\/lampara-colgante-2\/\"><mark style=\"background-color:rgba(0, 0, 0, 0);\" class=\"has-inline-color has-vivid-cyan-blue-color\">suspensiones<\/mark><\/a>, su <a href=\"https:\/\/blog.nedgis.com\/es\/categoria\/lampara-de-pared\/\"><mark style=\"background-color:rgba(0, 0, 0, 0);\" class=\"has-inline-color has-vivid-cyan-blue-color\">apliques de pared<\/mark><\/a> o su <a href=\"https:\/\/blog.nedgis.com\/es\/categoria\/lampara-2\/lampara-de-escritorio-lampara-de-mesa\/\"><mark style=\"background-color:rgba(0, 0, 0, 0);\" class=\"has-inline-color has-vivid-cyan-blue-color\">l\u00e1mparas de mesa<\/mark><\/a>, Cada objeto se crea con gusto.<\/p>\n\n\n\n<p class=\"wp-block-paragraph\">La marca crea magn\u00edficas luminarias que cumplen los m\u00e1s altos est\u00e1ndares de dise\u00f1o y confort. Utiliza materiales como <a href=\"https:\/\/blog.nedgis.com\/es\/categoria\/lamparas-por-material\/lampara-laton\/\"><mark style=\"background-color:rgba(0, 0, 0, 0);\" class=\"has-inline-color has-vivid-cyan-blue-color\">lat\u00f3n<\/mark><\/a> o el <a href=\"https:\/\/blog.nedgis.com\/es\/categoria\/lamparas-por-material\/lampara-cristal-lampara-por-material\/\"><mark style=\"background-color:rgba(0, 0, 0, 0);\" class=\"has-inline-color has-vivid-cyan-blue-color\">vidrio<\/mark><\/a> para combinar riqueza y elegancia.<\/p>\n\n\n\n<figure class=\"wp-block-image aligncenter size-large\"><a href=\"https:\/\/www.nedgis.com\/products\/lustre-chandelier-argento-l-laiton-verre-opalin-o176cm-h93-5cm-eichholtz\"><img data-recalc-dims=\"1\" loading=\"lazy\" decoding=\"async\" width=\"774\" height=\"705\" data-attachment-id=\"22034\" data-permalink=\"https:\/\/blog.nedgis.com\/es\/2022\/06\/22\/la-maison-eichholtz-au-coeur-de-lelegance-et-du-raffinement\/chandelier-argento-l__lustre-chandelier-_eichholtz_112076__design_signed_nedgis-86986-product-2\/\" data-orig-file=\"https:\/\/i0.wp.com\/blog.nedgis.com\/wp-content\/uploads\/2022\/05\/chandelier-argento-l__lustre-chandelier-_eichholtz_112076__design_signed_nedgis-86986-product-1.jpg?fit=774%2C705&amp;ssl=1\" data-orig-size=\"774,705\" data-comments-opened=\"1\" data-image-meta=\"{&quot;aperture&quot;:&quot;0&quot;,&quot;credit&quot;:&quot;&quot;,&quot;camera&quot;:&quot;&quot;,&quot;caption&quot;:&quot;&quot;,&quot;created_timestamp&quot;:&quot;0&quot;,&quot;copyright&quot;:&quot;&quot;,&quot;focal_length&quot;:&quot;0&quot;,&quot;iso&quot;:&quot;0&quot;,&quot;shutter_speed&quot;:&quot;0&quot;,&quot;title&quot;:&quot;&quot;,&quot;orientation&quot;:&quot;0&quot;}\" data-image-title=\"chandelier-argento-l__lustre-chandelier-_eichholtz_112076__design_signed_nedgis-86986-product\" data-image-description=\"\" data-image-caption=\"\" data-large-file=\"https:\/\/i0.wp.com\/blog.nedgis.com\/wp-content\/uploads\/2022\/05\/chandelier-argento-l__lustre-chandelier-_eichholtz_112076__design_signed_nedgis-86986-product-1.jpg?fit=774%2C705&amp;ssl=1\" src=\"https:\/\/i0.wp.com\/blog.nedgis.com\/wp-content\/uploads\/2022\/05\/chandelier-argento-l__lustre-chandelier-_eichholtz_112076__design_signed_nedgis-86986-product-1.jpg?resize=774%2C705&#038;ssl=1\" alt=\"\" class=\"wp-image-22034\" title=\"Ara\u00f1a, Argento L, lat\u00f3n, cristal opal, \u00d8176cm, H93,5cm - EICHHOLTZ\" \/><\/a><\/figure>\n\n\n\n<figure class=\"wp-block-image size-large\"><a href=\"https:\/\/www.nedgis.com\/products\/applique-murale-luca-l-laiton-l43cm-h21cm-eichholtz\"><img data-recalc-dims=\"1\" loading=\"lazy\" decoding=\"async\" width=\"774\" height=\"705\" data-attachment-id=\"22036\" data-permalink=\"https:\/\/blog.nedgis.com\/es\/2022\/06\/22\/la-maison-eichholtz-au-coeur-de-lelegance-et-du-raffinement\/luca-l_studio-eichholtz_applique-murale-wall-light-_eichholtz_111847__design_signed_nedgis-120069-product\/\" data-orig-file=\"https:\/\/i0.wp.com\/blog.nedgis.com\/wp-content\/uploads\/2022\/05\/luca-l_studio-eichholtz_applique-murale-wall-light-_eichholtz_111847__design_signed_nedgis-120069-product.jpg?fit=774%2C705&amp;ssl=1\" data-orig-size=\"774,705\" data-comments-opened=\"1\" data-image-meta=\"{&quot;aperture&quot;:&quot;0&quot;,&quot;credit&quot;:&quot;&quot;,&quot;camera&quot;:&quot;&quot;,&quot;caption&quot;:&quot;&quot;,&quot;created_timestamp&quot;:&quot;0&quot;,&quot;copyright&quot;:&quot;&quot;,&quot;focal_length&quot;:&quot;0&quot;,&quot;iso&quot;:&quot;0&quot;,&quot;shutter_speed&quot;:&quot;0&quot;,&quot;title&quot;:&quot;&quot;,&quot;orientation&quot;:&quot;0&quot;}\" data-image-title=\"luca-l_studio-eichholtz_applique-murale-wall-light-_eichholtz_111847__design_signed_nedgis-120069-product\" data-image-description=\"\" data-image-caption=\"\" data-large-file=\"https:\/\/i0.wp.com\/blog.nedgis.com\/wp-content\/uploads\/2022\/05\/luca-l_studio-eichholtz_applique-murale-wall-light-_eichholtz_111847__design_signed_nedgis-120069-product.jpg?fit=774%2C705&amp;ssl=1\" src=\"https:\/\/i0.wp.com\/blog.nedgis.com\/wp-content\/uploads\/2022\/05\/luca-l_studio-eichholtz_applique-murale-wall-light-_eichholtz_111847__design_signed_nedgis-120069-product.jpg?resize=774%2C705&#038;ssl=1\" alt=\"\" class=\"wp-image-22036\" title=\"L\u00e1mpara de pared, LUCA L, lat\u00f3n, A43cm, A21cm - Eichholtz\" \/><\/a><\/figure>\n\n\n\n<figure class=\"wp-block-image size-large\"><a href=\"https:\/\/www.nedgis.com\/products\/suspension-le-marais-laiton-l120cm-h34cm-eichholtz\"><img data-recalc-dims=\"1\" loading=\"lazy\" decoding=\"async\" width=\"774\" height=\"705\" data-attachment-id=\"22037\" data-permalink=\"https:\/\/blog.nedgis.com\/es\/2022\/06\/22\/la-maison-eichholtz-au-coeur-de-lelegance-et-du-raffinement\/le-marais_studio-eichholtz_suspension-pendant-light-_eichholtz_113473__design_signed_nedgis-112129-product\/\" data-orig-file=\"https:\/\/i0.wp.com\/blog.nedgis.com\/wp-content\/uploads\/2022\/05\/le-marais_studio-eichholtz_suspension-pendant-light-_eichholtz_113473__design_signed_nedgis-112129-product.jpg?fit=774%2C705&amp;ssl=1\" data-orig-size=\"774,705\" data-comments-opened=\"1\" data-image-meta=\"{&quot;aperture&quot;:&quot;0&quot;,&quot;credit&quot;:&quot;&quot;,&quot;camera&quot;:&quot;&quot;,&quot;caption&quot;:&quot;&quot;,&quot;created_timestamp&quot;:&quot;0&quot;,&quot;copyright&quot;:&quot;&quot;,&quot;focal_length&quot;:&quot;0&quot;,&quot;iso&quot;:&quot;0&quot;,&quot;shutter_speed&quot;:&quot;0&quot;,&quot;title&quot;:&quot;&quot;,&quot;orientation&quot;:&quot;0&quot;}\" data-image-title=\"le-marais_studio-eichholtz_suspension-pendant-light-_eichholtz_113473__design_signed_nedgis-112129-product\" data-image-description=\"\" data-image-caption=\"\" data-large-file=\"https:\/\/i0.wp.com\/blog.nedgis.com\/wp-content\/uploads\/2022\/05\/le-marais_studio-eichholtz_suspension-pendant-light-_eichholtz_113473__design_signed_nedgis-112129-product.jpg?fit=774%2C705&amp;ssl=1\" src=\"https:\/\/i0.wp.com\/blog.nedgis.com\/wp-content\/uploads\/2022\/05\/le-marais_studio-eichholtz_suspension-pendant-light-_eichholtz_113473__design_signed_nedgis-112129-product.jpg?resize=774%2C705&#038;ssl=1\" alt=\"\" class=\"wp-image-22037\" title=\"L\u00e1mpara colgante, Le Marais, lat\u00f3n, L120cm, H34cm - Eichholtz\" \/><\/a><\/figure>\n\n\n\n<figure class=\"wp-block-image size-large\"><a href=\"https:\/\/www.nedgis.com\/products\/suspension-lantern-bexley-glass-s-laiton-transparent-o24cm-h58cm-eichholtz\"><img data-recalc-dims=\"1\" loading=\"lazy\" decoding=\"async\" width=\"774\" height=\"705\" data-attachment-id=\"22038\" data-permalink=\"https:\/\/blog.nedgis.com\/es\/2022\/06\/22\/la-maison-eichholtz-au-coeur-de-lelegance-et-du-raffinement\/lantern-bexley-glass-s-_studio-eichholtz_suspension-pendant-light-_eichholtz_107123__design_signed_nedgis-107488-product\/\" data-orig-file=\"https:\/\/i0.wp.com\/blog.nedgis.com\/wp-content\/uploads\/2022\/05\/lantern-bexley-glass-s-_studio-eichholtz_suspension-pendant-light-_eichholtz_107123__design_signed_nedgis-107488-product.jpg?fit=774%2C705&amp;ssl=1\" data-orig-size=\"774,705\" data-comments-opened=\"1\" data-image-meta=\"{&quot;aperture&quot;:&quot;0&quot;,&quot;credit&quot;:&quot;&quot;,&quot;camera&quot;:&quot;&quot;,&quot;caption&quot;:&quot;&quot;,&quot;created_timestamp&quot;:&quot;0&quot;,&quot;copyright&quot;:&quot;&quot;,&quot;focal_length&quot;:&quot;0&quot;,&quot;iso&quot;:&quot;0&quot;,&quot;shutter_speed&quot;:&quot;0&quot;,&quot;title&quot;:&quot;&quot;,&quot;orientation&quot;:&quot;0&quot;}\" data-image-title=\"lantern-bexley-glass-s-_studio-eichholtz_suspension-pendant-light-_eichholtz_107123__design_signed_nedgis-107488-product\" data-image-description=\"\" data-image-caption=\"\" data-large-file=\"https:\/\/i0.wp.com\/blog.nedgis.com\/wp-content\/uploads\/2022\/05\/lantern-bexley-glass-s-_studio-eichholtz_suspension-pendant-light-_eichholtz_107123__design_signed_nedgis-107488-product.jpg?fit=774%2C705&amp;ssl=1\" src=\"https:\/\/i0.wp.com\/blog.nedgis.com\/wp-content\/uploads\/2022\/05\/lantern-bexley-glass-s-_studio-eichholtz_suspension-pendant-light-_eichholtz_107123__design_signed_nedgis-107488-product.jpg?resize=774%2C705&#038;ssl=1\" alt=\"\" class=\"wp-image-22038\" title=\"L\u00e1mpara colgante, Linterna Bexley Glass S , Lat\u00f3n, transparente, \u00d824cm, H58cm - Eichholtz\" \/><\/a><\/figure>\n\n\n\n<p class=\"wp-block-paragraph\">Adem\u00e1s, Eichholtz se preocupa siempre de adaptar sus luminarias a todo tipo de proyectos. De hecho, sean cuales sean los objetos que dise\u00f1a y desarrolla, la marca tiene muy en cuenta las necesidades humanas en t\u00e9rminos de confort, seguridad, intimidad y satisfacci\u00f3n est\u00e9tica.<\/p>\n\n\n\n<p class=\"wp-block-paragraph\">Si busca decoraci\u00f3n e iluminaci\u00f3n de prestigio, Eichholtz es el destino ideal.<\/p>\n\n\n\n<div class=\"wp-block-jetpack-tiled-gallery aligncenter is-style-rectangular\"><div class=\"tiled-gallery__gallery\"><div class=\"tiled-gallery__row\"><div class=\"tiled-gallery__col\" style=\"flex-basis:52.79969%;\"><figure class=\"tiled-gallery__item\"><img data-recalc-dims=\"1\" decoding=\"async\" data-attachment-id=\"22041\" data-permalink=\"https:\/\/blog.nedgis.com\/es\/2022\/06\/22\/la-maison-eichholtz-au-coeur-de-lelegance-et-du-raffinement\/design\/\" data-orig-file=\"https:\/\/i0.wp.com\/blog.nedgis.com\/wp-content\/uploads\/2022\/05\/design.jpg?fit=964%2C710&amp;ssl=1\" data-orig-size=\"964,710\" data-comments-opened=\"1\" data-image-meta=\"{&quot;aperture&quot;:&quot;0&quot;,&quot;credit&quot;:&quot;&quot;,&quot;camera&quot;:&quot;&quot;,&quot;caption&quot;:&quot;&quot;,&quot;created_timestamp&quot;:&quot;0&quot;,&quot;copyright&quot;:&quot;&quot;,&quot;focal_length&quot;:&quot;0&quot;,&quot;iso&quot;:&quot;0&quot;,&quot;shutter_speed&quot;:&quot;0&quot;,&quot;title&quot;:&quot;&quot;,&quot;orientation&quot;:&quot;1&quot;}\" data-image-title=\"design\" data-image-description=\"\" data-image-caption=\"\" data-large-file=\"https:\/\/i0.wp.com\/blog.nedgis.com\/wp-content\/uploads\/2022\/05\/design.jpg?fit=964%2C710&amp;ssl=1\" role=\"button\" tabindex=\"0\" aria-label=\"Abrir la imagen 1 de 2 en pantalla completa\" srcset=\"https:\/\/blog.nedgis.com\/wp-content\/uploads\/2022\/05\/design.jpg?strip=info&#038;w=600 600w,https:\/\/blog.nedgis.com\/wp-content\/uploads\/2022\/05\/design.jpg?strip=info&#038;w=900 900w,https:\/\/blog.nedgis.com\/wp-content\/uploads\/2022\/05\/design.jpg?strip=info&#038;w=964 964w\" alt=\"\" data-height=\"710\" data-id=\"22041\" data-link=\"https:\/\/blog.nedgis.com\/?attachment_id=22041\" data-url=\"https:\/\/blog.nedgis.com\/wp-content\/uploads\/2022\/05\/design.jpg?w=964\" data-width=\"964\" src=\"https:\/\/i0.wp.com\/blog.nedgis.com\/wp-content\/uploads\/2022\/05\/design.jpg?ssl=1\" data-amp-layout=\"responsive\" \/><\/figure><\/div><div class=\"tiled-gallery__col\" style=\"flex-basis:47.20031%;\"><figure class=\"tiled-gallery__item\"><img data-recalc-dims=\"1\" decoding=\"async\" data-attachment-id=\"22042\" data-permalink=\"https:\/\/blog.nedgis.com\/es\/2022\/06\/22\/la-maison-eichholtz-au-coeur-de-lelegance-et-du-raffinement\/luminaire-2\/\" data-orig-file=\"https:\/\/i0.wp.com\/blog.nedgis.com\/wp-content\/uploads\/2022\/05\/luminaire.jpg?fit=910%2C750&amp;ssl=1\" data-orig-size=\"910,750\" data-comments-opened=\"1\" data-image-meta=\"{&quot;aperture&quot;:&quot;0&quot;,&quot;credit&quot;:&quot;&quot;,&quot;camera&quot;:&quot;&quot;,&quot;caption&quot;:&quot;&quot;,&quot;created_timestamp&quot;:&quot;0&quot;,&quot;copyright&quot;:&quot;&quot;,&quot;focal_length&quot;:&quot;0&quot;,&quot;iso&quot;:&quot;0&quot;,&quot;shutter_speed&quot;:&quot;0&quot;,&quot;title&quot;:&quot;&quot;,&quot;orientation&quot;:&quot;0&quot;}\" data-image-title=\"Luminaire\" data-image-description=\"\" data-image-caption=\"\" data-large-file=\"https:\/\/i0.wp.com\/blog.nedgis.com\/wp-content\/uploads\/2022\/05\/luminaire.jpg?fit=910%2C750&amp;ssl=1\" role=\"button\" tabindex=\"0\" aria-label=\"Abrir la imagen 2 de 2 en pantalla completa\" srcset=\"https:\/\/blog.nedgis.com\/wp-content\/uploads\/2022\/05\/luminaire.jpg?strip=info&#038;w=600 600w,https:\/\/blog.nedgis.com\/wp-content\/uploads\/2022\/05\/luminaire.jpg?strip=info&#038;w=900 900w,https:\/\/blog.nedgis.com\/wp-content\/uploads\/2022\/05\/luminaire.jpg?strip=info&#038;w=910 910w\" alt=\"\" data-height=\"750\" data-id=\"22042\" data-link=\"https:\/\/blog.nedgis.com\/?attachment_id=22042\" data-url=\"https:\/\/blog.nedgis.com\/wp-content\/uploads\/2022\/05\/luminaire.jpg?w=910\" data-width=\"910\" src=\"https:\/\/i0.wp.com\/blog.nedgis.com\/wp-content\/uploads\/2022\/05\/luminaire.jpg?ssl=1\" data-amp-layout=\"responsive\" \/><\/figure><\/div><\/div><\/div><\/div>\n\n\n\n<p class=\"wp-block-paragraph\"><\/p>\n\n\n\n<hr class=\"wp-block-separator has-alpha-channel-opacity\" \/>\n\n\n\n<figure class=\"wp-block-embed is-type-video is-provider-youtube wp-block-embed-youtube wp-embed-aspect-16-9 wp-has-aspect-ratio\"><div class=\"wp-block-embed__wrapper\">\n<span class=\"embed-youtube\" style=\"text-align:center; display: block;\"><iframe loading=\"lazy\" class=\"youtube-player\" width=\"640\" height=\"360\" src=\"https:\/\/www.youtube.com\/embed\/3mfNfOH7wDQ?version=3&#038;rel=1&#038;showsearch=0&#038;showinfo=1&#038;iv_load_policy=1&#038;fs=1&#038;hl=es-ES&#038;autohide=2&#038;wmode=transparent\" allowfullscreen=\"true\" style=\"border:0;\" sandbox=\"allow-scripts allow-same-origin allow-popups allow-presentation allow-popups-to-escape-sandbox\"><\/iframe><\/span>\n<\/div><\/figure>\n\n\n\n<hr class=\"wp-block-separator has-alpha-channel-opacity\" \/>\n\n\n\n<p class=\"wp-block-paragraph\"><strong><em>\u201cDisposici\u00f3n de l\u00edneas o formas en la que se basa el plan de creaci\u00f3n de un objeto, especialmente en lo que se refiere a las proporciones, estructuras, tiempos y est\u00e9tica de la obra\u201d.\u201d<\/em><\/strong><\/p>\n\n\n\n<hr class=\"wp-block-separator has-alpha-channel-opacity\" \/>\n\n\n\n<p class=\"wp-block-paragraph\">Descubra las dem\u00e1s colecciones de Eichholtz en nuestra <a href=\"https:\/\/www.nedgis.com\/q\/marque--eichholtz\"><mark style=\"background-color:rgba(0, 0, 0, 0);\" class=\"has-inline-color has-vivid-cyan-blue-color\">sitio web<\/mark><\/a>&nbsp;!<\/p>\n\n\n\n<hr class=\"wp-block-separator has-alpha-channel-opacity\" \/>\n\n\n\n<p class=\"wp-block-paragraph translation-block\">Para m\u00e1s informaci\u00f3n, no dude en <a href=\"https:\/\/www.nedgis.com\/es\/contacts\/new?is_pro=false\" target=\"_self\"><mark style=\"background-color:rgba(0, 0, 0, 0);color:#166983\" class=\"has-inline-color\">ponerse en contacto con nosotros<\/mark><\/a>.<\/p>","protected":false},"excerpt":{"rendered":"<p>Le fondateur Theo Eichholtz adorait fouiller dans les march\u00e9s et les magasins du monde entier, \u00e0 la recherche de pi\u00e8ces uniques. Lors d\u2019un voyage en Asie dans les ann\u00e9es 90, il fut tellement fascin\u00e9 et inspir\u00e9 par le mobilier colonial chinois qu&rsquo;il commen\u00e7a \u00e0 en importer. Ainsi na\u00eet en 1992 la soci\u00e9t\u00e9 Eichholtz. Aujourd\u2019hui, Eichholtz [&hellip;]<\/p>\n","protected":false},"author":64499198,"featured_media":22029,"comment_status":"open","ping_status":"open","sticky":false,"template":"","format":"gallery","meta":{"_coblocks_attr":"","_coblocks_dimensions":"","_coblocks_responsive_height":"","_coblocks_accordion_ie_support":"","advanced_seo_description":"","jetpack_seo_html_title":"","jetpack_seo_noindex":false,"jetpack_seo_schema_type":"","_jetpack_newsletter_access":"","_jetpack_dont_email_post_to_subs":false,"_jetpack_newsletter_tier_id":0,"_jetpack_memberships_contains_paywalled_content":false,"_wpcom_ai_launchpad_first_post":false,"_jetpack_feature_clip_id":0,"_jetpack_memberships_contains_paid_content":false,"footnotes":"","jetpack_publicize_message":"{title}\n\n{excerpt}\n\n{url}","jetpack_publicize_feature_enabled":true,"jetpack_social_post_already_shared":false,"jetpack_social_options":{"image_generator_settings":{"template":"highway","default_image_id":0,"font":"","enabled":false},"version":2},"_wpas_customize_per_network":false,"jetpack_post_was_ever_published":false},"categories":[1052676,44256896,350176,296598106,296598149,858563,196448915,36659784],"tags":[748795517,748795508,748795513,748795504,748795509],"class_list":["post-22026","post","type-post","status-publish","format-gallery","has-post-thumbnail","hentry","category-contemporain","category-lampe-2","category-luminaire","category-luminaire-laiton","category-luminaire-verre-luminaire-par-matiere","category-lustre","category-pieces-de-la-maison","category-suspension-2","tag-baroque-eichholtz","tag-deco-eichholtz","tag-lampe-eichholtz","tag-luminaire-eichholtz","tag-suspension-eichholtz","post_format-post-format-gallery"],"jetpack_publicize_connections":[],"jetpack_likes_enabled":true,"jetpack_sharing_enabled":true,"jetpack_shortlink":"https:\/\/wp.me\/p4ySCb-5Jg","jetpack-related-posts":[],"jetpack_featured_media_url":"https:\/\/i0.wp.com\/blog.nedgis.com\/wp-content\/uploads\/2022\/05\/chandelier-hutchinson_studio-eichholtz_lustre-chandelier-_eichholtz_114679__design_signed_nedgis-113672-product.jpg?fit=774%2C705&ssl=1","_links":{"self":[{"href":"https:\/\/blog.nedgis.com\/es\/wp-json\/wp\/v2\/posts\/22026","targetHints":{"allow":["GET"]}}],"collection":[{"href":"https:\/\/blog.nedgis.com\/es\/wp-json\/wp\/v2\/posts"}],"about":[{"href":"https:\/\/blog.nedgis.com\/es\/wp-json\/wp\/v2\/types\/post"}],"author":[{"embeddable":true,"href":"https:\/\/blog.nedgis.com\/es\/wp-json\/wp\/v2\/users\/64499198"}],"replies":[{"embeddable":true,"href":"https:\/\/blog.nedgis.com\/es\/wp-json\/wp\/v2\/comments?post=22026"}],"version-history":[{"count":15,"href":"https:\/\/blog.nedgis.com\/es\/wp-json\/wp\/v2\/posts\/22026\/revisions"}],"predecessor-version":[{"id":22119,"href":"https:\/\/blog.nedgis.com\/es\/wp-json\/wp\/v2\/posts\/22026\/revisions\/22119"}],"wp:featuredmedia":[{"embeddable":true,"href":"https:\/\/blog.nedgis.com\/es\/wp-json\/wp\/v2\/media\/22029"}],"wp:attachment":[{"href":"https:\/\/blog.nedgis.com\/es\/wp-json\/wp\/v2\/media?parent=22026"}],"wp:term":[{"taxonomy":"category","embeddable":true,"href":"https:\/\/blog.nedgis.com\/es\/wp-json\/wp\/v2\/categories?post=22026"},{"taxonomy":"post_tag","embeddable":true,"href":"https:\/\/blog.nedgis.com\/es\/wp-json\/wp\/v2\/tags?post=22026"}],"curies":[{"name":"wp","href":"https:\/\/api.w.org\/{rel}","templated":true}]}}