{"id":21861,"date":"2022-06-26T10:30:00","date_gmt":"2022-06-26T08:30:00","guid":{"rendered":"https:\/\/blog.nedgis.com\/?p=21861"},"modified":"2023-04-27T11:54:10","modified_gmt":"2023-04-27T09:54:10","slug":"iluminacion-de-inspiracion-barroca","status":"publish","type":"post","link":"https:\/\/blog.nedgis.com\/es\/2022\/06\/26\/inspiration-baroque-dans-les-luminaires\/","title":{"rendered":"Iluminaci\u00f3n de inspiraci\u00f3n barroca"},"content":{"rendered":"<p class=\"wp-block-paragraph\">El arte y el dise\u00f1o est\u00e1n \u00edntimamente ligados, as\u00ed que echemos un vistazo a la inspiraci\u00f3n barroca en el dise\u00f1o de iluminaci\u00f3n.&nbsp;<\/p>\n\n\n\n<figure class=\"wp-block-image aligncenter size-large\"><img data-recalc-dims=\"1\" loading=\"lazy\" decoding=\"async\" width=\"1200\" height=\"600\" data-attachment-id=\"21864\" data-permalink=\"https:\/\/blog.nedgis.com\/es\/aeneas-fleeing-from-troy-barocci\/\" data-orig-file=\"https:\/\/i0.wp.com\/blog.nedgis.com\/wp-content\/uploads\/2022\/04\/aeneas-fleeing-from-troy-barocci.jpg?fit=1200%2C600&amp;ssl=1\" data-orig-size=\"1200,600\" data-comments-opened=\"1\" data-image-meta=\"{&quot;aperture&quot;:&quot;0&quot;,&quot;credit&quot;:&quot;&quot;,&quot;camera&quot;:&quot;&quot;,&quot;caption&quot;:&quot;&quot;,&quot;created_timestamp&quot;:&quot;0&quot;,&quot;copyright&quot;:&quot;&quot;,&quot;focal_length&quot;:&quot;0&quot;,&quot;iso&quot;:&quot;0&quot;,&quot;shutter_speed&quot;:&quot;0&quot;,&quot;title&quot;:&quot;&quot;,&quot;orientation&quot;:&quot;0&quot;}\" data-image-title=\"aeneas-fleeing-from-troy-barocci\" data-image-description=\"\" data-image-caption=\"\" data-large-file=\"https:\/\/i0.wp.com\/blog.nedgis.com\/wp-content\/uploads\/2022\/04\/aeneas-fleeing-from-troy-barocci.jpg?fit=1024%2C512&amp;ssl=1\" src=\"https:\/\/i0.wp.com\/blog.nedgis.com\/wp-content\/uploads\/2022\/04\/aeneas-fleeing-from-troy-barocci.jpg?resize=1200%2C600&#038;ssl=1\" alt=\"\" class=\"wp-image-21864\" \/><\/figure>\n\n\n\n<p class=\"wp-block-paragraph\">Barroco procede de la palabra portuguesa \u00abbarocco\u00bb, que significa \u00abperla irregular\u00bb.&nbsp;<\/p>\n\n\n\n<p class=\"wp-block-paragraph\">Nacido en Italia a finales del siglo XVI, el movimiento barroco se propuso restaurar la imagen de la religi\u00f3n cat\u00f3lica, da\u00f1ada durante este periodo por la aparici\u00f3n del movimiento protestante.&nbsp;<\/p>\n\n\n\n<p class=\"wp-block-paragraph\">El movimiento barroco fue contrario al Renacimiento y a las normas heredadas del movimiento \u00abcl\u00e1sico\u00bb de finales del siglo XVII. Se caracteriz\u00f3 por una nueva relaci\u00f3n entre el ser y el mundo.&nbsp;<\/p>\n\n\n\n<p class=\"wp-block-paragraph\">Tiene caracter\u00edsticas muy espec\u00edficas que lo convierten en un estilo de arte marcado por los efectos dram\u00e1ticos, el esplendor y la extravagancia.&nbsp;<\/p>\n\n\n\n<hr class=\"wp-block-separator has-alpha-channel-opacity\" \/>\n\n\n\n<p class=\"wp-block-paragraph\"><strong>El Barroco como arte del movimiento<\/strong><\/p>\n\n\n\n<p class=\"wp-block-paragraph\">El estilo barroco favorec\u00eda el movimiento y romp\u00eda con la tradici\u00f3n de simetr\u00eda y armon\u00eda proporcional del periodo cl\u00e1sico.&nbsp;<\/p>\n\n\n\n<p class=\"wp-block-paragraph\">Esta b\u00fasqueda de movimiento se caracteriza por la b\u00fasqueda de l\u00edneas pesadas y&nbsp;<a href=\"https:\/\/blog.nedgis.com\/es\/2020\/11\/01\/douces-et-reconfortantes-les-courbes-sinvitent-dans-nos-interieurs\/\"><mark style=\"background-color:rgba(0, 0, 0, 0)\" class=\"has-inline-color has-vivid-cyan-blue-color\">curvas<\/mark><\/a>.&nbsp;<\/p>\n\n\n\n<p class=\"wp-block-paragraph\"><\/p>\n\n\n\n<figure class=\"wp-block-image aligncenter size-large\"><a href=\"https:\/\/www.nedgis.com\/products\/suspension-bright-barocco-cable-creme-laiton-blanc-o20cm-h20cm-nordic-tales\"><img data-recalc-dims=\"1\" loading=\"lazy\" decoding=\"async\" width=\"774\" height=\"705\" data-attachment-id=\"21865\" data-permalink=\"https:\/\/blog.nedgis.com\/es\/bright-barocco-cable-creme_jonas-hoejgaard_suspension-pendant-light-_nordic-tales_111201__design_signed_nedgis-93128-product\/\" data-orig-file=\"https:\/\/i0.wp.com\/blog.nedgis.com\/wp-content\/uploads\/2022\/04\/bright-barocco-cable-creme_jonas-hoejgaard_suspension-pendant-light-_nordic-tales_111201__design_signed_nedgis-93128-product.jpg?fit=774%2C705&amp;ssl=1\" data-orig-size=\"774,705\" data-comments-opened=\"1\" data-image-meta=\"{&quot;aperture&quot;:&quot;0&quot;,&quot;credit&quot;:&quot;&quot;,&quot;camera&quot;:&quot;&quot;,&quot;caption&quot;:&quot;&quot;,&quot;created_timestamp&quot;:&quot;0&quot;,&quot;copyright&quot;:&quot;&quot;,&quot;focal_length&quot;:&quot;0&quot;,&quot;iso&quot;:&quot;0&quot;,&quot;shutter_speed&quot;:&quot;0&quot;,&quot;title&quot;:&quot;&quot;,&quot;orientation&quot;:&quot;0&quot;}\" data-image-title=\"bright-barocco-cable-creme_jonas-hoejgaard_suspension-pendant-light-_nordic-tales_111201__design_signed_nedgis-93128-product\" data-image-description=\"\" data-image-caption=\"\" data-large-file=\"https:\/\/i0.wp.com\/blog.nedgis.com\/wp-content\/uploads\/2022\/04\/bright-barocco-cable-creme_jonas-hoejgaard_suspension-pendant-light-_nordic-tales_111201__design_signed_nedgis-93128-product.jpg?fit=774%2C705&amp;ssl=1\" src=\"https:\/\/i0.wp.com\/blog.nedgis.com\/wp-content\/uploads\/2022\/04\/bright-barocco-cable-creme_jonas-hoejgaard_suspension-pendant-light-_nordic-tales_111201__design_signed_nedgis-93128-product.jpg?resize=774%2C705&#038;ssl=1\" alt=\"\" class=\"wp-image-21865\" \/><\/a><\/figure>\n\n\n\n<figure class=\"wp-block-image aligncenter size-large\"><a href=\"https:\/\/www.nedgis.com\/products\/lustre-thepalm-30-bras-or-led-2700k-158lmo115cm-h76cm-alma-light\"><img data-recalc-dims=\"1\" loading=\"lazy\" decoding=\"async\" width=\"774\" height=\"705\" data-attachment-id=\"21867\" data-permalink=\"https:\/\/blog.nedgis.com\/es\/thepalm-30-bras_-cristian-cubina_lustre-chandelier-_alma-light_5190-300__design_signed_nedgis-116057-product\/\" data-orig-file=\"https:\/\/i0.wp.com\/blog.nedgis.com\/wp-content\/uploads\/2022\/04\/thepalm-30-bras_-cristian-cubina_lustre-chandelier-_alma-light_5190-300__design_signed_nedgis-116057-product.jpg?fit=774%2C705&amp;ssl=1\" data-orig-size=\"774,705\" data-comments-opened=\"1\" data-image-meta=\"{&quot;aperture&quot;:&quot;0&quot;,&quot;credit&quot;:&quot;&quot;,&quot;camera&quot;:&quot;&quot;,&quot;caption&quot;:&quot;&quot;,&quot;created_timestamp&quot;:&quot;0&quot;,&quot;copyright&quot;:&quot;&quot;,&quot;focal_length&quot;:&quot;0&quot;,&quot;iso&quot;:&quot;0&quot;,&quot;shutter_speed&quot;:&quot;0&quot;,&quot;title&quot;:&quot;&quot;,&quot;orientation&quot;:&quot;0&quot;}\" data-image-title=\"thepalm-30-bras_-cristian-cubina_lustre-chandelier-_alma-light_5190-300__design_signed_nedgis-116057-product\" data-image-description=\"\" data-image-caption=\"\" data-large-file=\"https:\/\/i0.wp.com\/blog.nedgis.com\/wp-content\/uploads\/2022\/04\/thepalm-30-bras_-cristian-cubina_lustre-chandelier-_alma-light_5190-300__design_signed_nedgis-116057-product.jpg?fit=774%2C705&amp;ssl=1\" src=\"https:\/\/i0.wp.com\/blog.nedgis.com\/wp-content\/uploads\/2022\/04\/thepalm-30-bras_-cristian-cubina_lustre-chandelier-_alma-light_5190-300__design_signed_nedgis-116057-product.jpg?resize=774%2C705&#038;ssl=1\" alt=\"\" class=\"wp-image-21867\" \/><\/a><\/figure>\n\n\n\n<figure class=\"wp-block-image aligncenter size-large\"><a href=\"https:\/\/www.nedgis.com\/products\/suspension-futura-transparent-platine-h24cm-ebb-and-flow\"><img data-recalc-dims=\"1\" loading=\"lazy\" decoding=\"async\" width=\"774\" height=\"705\" data-attachment-id=\"21869\" data-permalink=\"https:\/\/blog.nedgis.com\/es\/futura_susanne-nielsen_ebb-and-flow_la101427_luminaire_lighting_design_signed-25493-product\/\" data-orig-file=\"https:\/\/i0.wp.com\/blog.nedgis.com\/wp-content\/uploads\/2022\/04\/futura_susanne-nielsen_ebb-and-flow_la101427_luminaire_lighting_design_signed-25493-product.png?fit=774%2C705&amp;ssl=1\" data-orig-size=\"774,705\" data-comments-opened=\"1\" data-image-meta=\"{&quot;aperture&quot;:&quot;0&quot;,&quot;credit&quot;:&quot;&quot;,&quot;camera&quot;:&quot;&quot;,&quot;caption&quot;:&quot;&quot;,&quot;created_timestamp&quot;:&quot;0&quot;,&quot;copyright&quot;:&quot;&quot;,&quot;focal_length&quot;:&quot;0&quot;,&quot;iso&quot;:&quot;0&quot;,&quot;shutter_speed&quot;:&quot;0&quot;,&quot;title&quot;:&quot;&quot;,&quot;orientation&quot;:&quot;0&quot;}\" data-image-title=\"futura_susanne-nielsen_ebb-and-flow_la101427_luminaire_lighting_design_signed-25493-product\" data-image-description=\"\" data-image-caption=\"\" data-large-file=\"https:\/\/i0.wp.com\/blog.nedgis.com\/wp-content\/uploads\/2022\/04\/futura_susanne-nielsen_ebb-and-flow_la101427_luminaire_lighting_design_signed-25493-product.png?fit=774%2C705&amp;ssl=1\" src=\"https:\/\/i0.wp.com\/blog.nedgis.com\/wp-content\/uploads\/2022\/04\/futura_susanne-nielsen_ebb-and-flow_la101427_luminaire_lighting_design_signed-25493-product.png?resize=774%2C705&#038;ssl=1\" alt=\"\" class=\"wp-image-21869\" \/><\/a><\/figure>\n\n\n\n<p class=\"wp-block-paragraph\"><\/p>\n\n\n\n<p class=\"wp-block-paragraph\"><strong>El uso del claroscuro<\/strong><strong><\/strong><\/p>\n\n\n\n<p class=\"wp-block-paragraph\">El movimiento barroco dio origen a la t\u00e9cnica del claroscuro, que consiste en crear un efecto dram\u00e1tico mediante fuertes contrastes entre la luz y la oscuridad. Este efecto se ve a menudo en luminarias oscuras,&nbsp;<a href=\"https:\/\/www.nedgis.com\/q\/quelle-couleur--noir\"><mark style=\"background-color:rgba(0, 0, 0, 0)\" class=\"has-inline-color has-vivid-cyan-blue-color\">negro<\/mark><\/a>, que contrastan con la luz difusa.<\/p>\n\n\n\n<figure class=\"wp-block-image aligncenter size-large\"><a href=\"https:\/\/www.nedgis.com\/products\/applique-murale-ring-laiton-o12cm-h30cm-cto-lighting\"><img data-recalc-dims=\"1\" loading=\"lazy\" decoding=\"async\" width=\"774\" height=\"705\" data-attachment-id=\"21871\" data-permalink=\"https:\/\/blog.nedgis.com\/es\/ring__applique-murale-wall-light-_cto-lighting_cto-07-095-0002__design_signed-51281-product\/\" data-orig-file=\"https:\/\/i0.wp.com\/blog.nedgis.com\/wp-content\/uploads\/2022\/04\/ring__applique-murale-wall-light-_cto-lighting_cto-07-095-0002__design_signed-51281-product.jpeg?fit=774%2C705&amp;ssl=1\" data-orig-size=\"774,705\" data-comments-opened=\"1\" data-image-meta=\"{&quot;aperture&quot;:&quot;0&quot;,&quot;credit&quot;:&quot;&quot;,&quot;camera&quot;:&quot;&quot;,&quot;caption&quot;:&quot;&quot;,&quot;created_timestamp&quot;:&quot;0&quot;,&quot;copyright&quot;:&quot;&quot;,&quot;focal_length&quot;:&quot;0&quot;,&quot;iso&quot;:&quot;0&quot;,&quot;shutter_speed&quot;:&quot;0&quot;,&quot;title&quot;:&quot;&quot;,&quot;orientation&quot;:&quot;0&quot;}\" data-image-title=\"ring__applique-murale-wall-light-_cto-lighting_cto-07-095-0002__design_signed-51281-product\" data-image-description=\"\" data-image-caption=\"\" data-large-file=\"https:\/\/i0.wp.com\/blog.nedgis.com\/wp-content\/uploads\/2022\/04\/ring__applique-murale-wall-light-_cto-lighting_cto-07-095-0002__design_signed-51281-product.jpeg?fit=774%2C705&amp;ssl=1\" src=\"https:\/\/i0.wp.com\/blog.nedgis.com\/wp-content\/uploads\/2022\/04\/ring__applique-murale-wall-light-_cto-lighting_cto-07-095-0002__design_signed-51281-product.jpeg?resize=774%2C705&#038;ssl=1\" alt=\"\" class=\"wp-image-21871\" \/><\/a><\/figure>\n\n\n\n<figure class=\"wp-block-image aligncenter size-large\"><a href=\"https:\/\/www.nedgis.com\/products\/suspension-ring-mix-noir-et-or-o80cm-h63-5cm-palluco\"><img data-recalc-dims=\"1\" loading=\"lazy\" decoding=\"async\" width=\"774\" height=\"705\" data-attachment-id=\"21873\" data-permalink=\"https:\/\/blog.nedgis.com\/es\/ring-mix_brian-rasmussen_suspension-pendant-light-_palluco_rngm120468__design_signed-47867-product\/\" data-orig-file=\"https:\/\/i0.wp.com\/blog.nedgis.com\/wp-content\/uploads\/2022\/04\/ring-mix_brian-rasmussen_suspension-pendant-light-_palluco_rngm120468__design_signed-47867-product.jpg?fit=774%2C705&amp;ssl=1\" data-orig-size=\"774,705\" data-comments-opened=\"1\" data-image-meta=\"{&quot;aperture&quot;:&quot;0&quot;,&quot;credit&quot;:&quot;&quot;,&quot;camera&quot;:&quot;&quot;,&quot;caption&quot;:&quot;&quot;,&quot;created_timestamp&quot;:&quot;0&quot;,&quot;copyright&quot;:&quot;&quot;,&quot;focal_length&quot;:&quot;0&quot;,&quot;iso&quot;:&quot;0&quot;,&quot;shutter_speed&quot;:&quot;0&quot;,&quot;title&quot;:&quot;&quot;,&quot;orientation&quot;:&quot;0&quot;}\" data-image-title=\"ring-mix_brian-rasmussen_suspension-pendant-light-_palluco_rngm120468__design_signed-47867-product\" data-image-description=\"\" data-image-caption=\"\" data-large-file=\"https:\/\/i0.wp.com\/blog.nedgis.com\/wp-content\/uploads\/2022\/04\/ring-mix_brian-rasmussen_suspension-pendant-light-_palluco_rngm120468__design_signed-47867-product.jpg?fit=774%2C705&amp;ssl=1\" src=\"https:\/\/i0.wp.com\/blog.nedgis.com\/wp-content\/uploads\/2022\/04\/ring-mix_brian-rasmussen_suspension-pendant-light-_palluco_rngm120468__design_signed-47867-product.jpg?resize=774%2C705&#038;ssl=1\" alt=\"\" class=\"wp-image-21873\" \/><\/a><\/figure>\n\n\n\n<p class=\"wp-block-paragraph\"><strong>La elecci\u00f3n de colores vivos combinados con el dorado<\/strong><\/p>\n\n\n\n<p class=\"wp-block-paragraph\">El uso de colores c\u00e1lidos y vivos es t\u00edpico del movimiento barroco. Los rojos profundos, los tonos verdes y los azules son t\u00edpicos de este estilo, sobre todo en las obras de artistas representativos del movimiento, como Caravaggio, Rembrandt y Vermeer.&nbsp;<\/p>\n\n\n\n<p class=\"wp-block-paragraph\">Estos colores se combinan con el uso de\u2019<a href=\"https:\/\/www.nedgis.com\/q\/quelle-couleur--jaune\"><mark style=\"background-color:rgba(0, 0, 0, 0)\" class=\"has-inline-color has-vivid-cyan-blue-color\">o&nbsp;<\/mark><\/a>en las obras barrocas que exageraban el movimiento mediante una sobrecarga decorativa. El oro es sin\u00f3nimo de grandeza y exuberancia.&nbsp;<\/p>\n\n\n\n<figure class=\"wp-block-image aligncenter size-large\"><a href=\"https:\/\/www.nedgis.com\/products\/lampe-a-poser-flo-rouge-bordeaux-laiton-o22cm-h51cm-lumen-center-italia\"><img data-recalc-dims=\"1\" loading=\"lazy\" decoding=\"async\" width=\"774\" height=\"705\" data-attachment-id=\"21874\" data-permalink=\"https:\/\/blog.nedgis.com\/es\/flo_enrico-azzimonti_lampe-a-poser-table-lamp-_lumen-center-italia_flo02152f14-__design_signed_nedgis-145891-product\/\" data-orig-file=\"https:\/\/i0.wp.com\/blog.nedgis.com\/wp-content\/uploads\/2022\/04\/flo_enrico-azzimonti_lampe-a-poser-table-lamp-_lumen-center-italia_flo02152f14-__design_signed_nedgis-145891-product.jpg?fit=774%2C705&amp;ssl=1\" data-orig-size=\"774,705\" data-comments-opened=\"1\" data-image-meta=\"{&quot;aperture&quot;:&quot;0&quot;,&quot;credit&quot;:&quot;&quot;,&quot;camera&quot;:&quot;&quot;,&quot;caption&quot;:&quot;&quot;,&quot;created_timestamp&quot;:&quot;0&quot;,&quot;copyright&quot;:&quot;&quot;,&quot;focal_length&quot;:&quot;0&quot;,&quot;iso&quot;:&quot;0&quot;,&quot;shutter_speed&quot;:&quot;0&quot;,&quot;title&quot;:&quot;&quot;,&quot;orientation&quot;:&quot;0&quot;}\" data-image-title=\"flo_enrico-azzimonti_lampe-a-poser-table-lamp-_lumen-center-italia_flo02152f14-__design_signed_nedgis-145891-product\" data-image-description=\"\" data-image-caption=\"\" data-large-file=\"https:\/\/i0.wp.com\/blog.nedgis.com\/wp-content\/uploads\/2022\/04\/flo_enrico-azzimonti_lampe-a-poser-table-lamp-_lumen-center-italia_flo02152f14-__design_signed_nedgis-145891-product.jpg?fit=774%2C705&amp;ssl=1\" src=\"https:\/\/i0.wp.com\/blog.nedgis.com\/wp-content\/uploads\/2022\/04\/flo_enrico-azzimonti_lampe-a-poser-table-lamp-_lumen-center-italia_flo02152f14-__design_signed_nedgis-145891-product.jpg?resize=774%2C705&#038;ssl=1\" alt=\"\" class=\"wp-image-21874\" \/><\/a><\/figure>\n\n\n\n<figure class=\"wp-block-image aligncenter size-large\"><a href=\"https:\/\/www.nedgis.com\/products\/suspension-accordeon-vertical-or-o11cm-h30cm-slamp\"><img data-recalc-dims=\"1\" loading=\"lazy\" decoding=\"async\" width=\"774\" height=\"705\" data-attachment-id=\"21875\" data-permalink=\"https:\/\/blog.nedgis.com\/es\/accordeon-vertical_marc-sadler_suspension-pendant-light-_slamp_acrss00gld01b00000eu__design_signed_nedgis-143959-product\/\" data-orig-file=\"https:\/\/i0.wp.com\/blog.nedgis.com\/wp-content\/uploads\/2022\/04\/accordeon-vertical_marc-sadler_suspension-pendant-light-_slamp_acrss00gld01b00000eu__design_signed_nedgis-143959-product.jpg?fit=774%2C705&amp;ssl=1\" data-orig-size=\"774,705\" data-comments-opened=\"1\" data-image-meta=\"{&quot;aperture&quot;:&quot;0&quot;,&quot;credit&quot;:&quot;&quot;,&quot;camera&quot;:&quot;&quot;,&quot;caption&quot;:&quot;&quot;,&quot;created_timestamp&quot;:&quot;0&quot;,&quot;copyright&quot;:&quot;&quot;,&quot;focal_length&quot;:&quot;0&quot;,&quot;iso&quot;:&quot;0&quot;,&quot;shutter_speed&quot;:&quot;0&quot;,&quot;title&quot;:&quot;&quot;,&quot;orientation&quot;:&quot;0&quot;}\" data-image-title=\"accordeon-vertical_marc-sadler_suspension-pendant-light-_slamp_acrss00gld01b00000eu__design_signed_nedgis-143959-product\" data-image-description=\"\" data-image-caption=\"\" data-large-file=\"https:\/\/i0.wp.com\/blog.nedgis.com\/wp-content\/uploads\/2022\/04\/accordeon-vertical_marc-sadler_suspension-pendant-light-_slamp_acrss00gld01b00000eu__design_signed_nedgis-143959-product.jpg?fit=774%2C705&amp;ssl=1\" src=\"https:\/\/i0.wp.com\/blog.nedgis.com\/wp-content\/uploads\/2022\/04\/accordeon-vertical_marc-sadler_suspension-pendant-light-_slamp_acrss00gld01b00000eu__design_signed_nedgis-143959-product.jpg?resize=774%2C705&#038;ssl=1\" alt=\"\" class=\"wp-image-21875\" \/><\/a><\/figure>\n\n\n\n<figure class=\"wp-block-image aligncenter size-large\"><a href=\"https:\/\/www.nedgis.com\/products\/lustre-ceraunavolta-bleu-o60cm-h25cm-karman\"><img data-recalc-dims=\"1\" loading=\"lazy\" decoding=\"async\" width=\"774\" height=\"705\" data-attachment-id=\"21877\" data-permalink=\"https:\/\/blog.nedgis.com\/es\/ceraunavolta_edmondo-testaguzza_lustre-chandelier-_karman_se134_1t_00d-__design_signed-49431-product\/\" data-orig-file=\"https:\/\/i0.wp.com\/blog.nedgis.com\/wp-content\/uploads\/2022\/04\/ceraunavolta_edmondo-testaguzza_lustre-chandelier-_karman_se134_1t_00d-__design_signed-49431-product.jpeg?fit=774%2C705&amp;ssl=1\" data-orig-size=\"774,705\" data-comments-opened=\"1\" data-image-meta=\"{&quot;aperture&quot;:&quot;0&quot;,&quot;credit&quot;:&quot;&quot;,&quot;camera&quot;:&quot;&quot;,&quot;caption&quot;:&quot;&quot;,&quot;created_timestamp&quot;:&quot;0&quot;,&quot;copyright&quot;:&quot;&quot;,&quot;focal_length&quot;:&quot;0&quot;,&quot;iso&quot;:&quot;0&quot;,&quot;shutter_speed&quot;:&quot;0&quot;,&quot;title&quot;:&quot;&quot;,&quot;orientation&quot;:&quot;0&quot;}\" data-image-title=\"ceraunavolta_edmondo-testaguzza_lustre-chandelier-_karman_se134_1t_00d-__design_signed-49431-product\" data-image-description=\"\" data-image-caption=\"\" data-large-file=\"https:\/\/i0.wp.com\/blog.nedgis.com\/wp-content\/uploads\/2022\/04\/ceraunavolta_edmondo-testaguzza_lustre-chandelier-_karman_se134_1t_00d-__design_signed-49431-product.jpeg?fit=774%2C705&amp;ssl=1\" src=\"https:\/\/i0.wp.com\/blog.nedgis.com\/wp-content\/uploads\/2022\/04\/ceraunavolta_edmondo-testaguzza_lustre-chandelier-_karman_se134_1t_00d-__design_signed-49431-product.jpeg?resize=774%2C705&#038;ssl=1\" alt=\"\" class=\"wp-image-21877\" \/><\/a><\/figure>\n\n\n\n<p class=\"wp-block-paragraph\"><strong>Opulencia para marcar la grandeza del estilo<\/strong><\/p>\n\n\n\n<p class=\"wp-block-paragraph\">Los artistas barrocos no dudaron en utilizar una ornamentaci\u00f3n excesiva, a menudo dorada, para provocar emociones, deslumbrar y seducir a los creyentes demostrando que el catolicismo era una gran religi\u00f3n.&nbsp;<\/p>\n\n\n\n<p class=\"wp-block-paragraph\">Para conseguirlo, el exceso y la extravagancia son las consignas.&nbsp;<\/p>\n\n\n\n<figure class=\"wp-block-image aligncenter size-large\"><a href=\"https:\/\/www.nedgis.com\/products\/suspension-spirale-or-o45cm-h65cm-verpan\"><img data-recalc-dims=\"1\" loading=\"lazy\" decoding=\"async\" width=\"774\" height=\"705\" data-attachment-id=\"21878\" data-permalink=\"https:\/\/blog.nedgis.com\/es\/spirale-_verner-panton_suspension-pendant-light-_verpan_113822__design_signed_nedgis-122048-product\/\" data-orig-file=\"https:\/\/i0.wp.com\/blog.nedgis.com\/wp-content\/uploads\/2022\/04\/spirale-_verner-panton_suspension-pendant-light-_verpan_113822__design_signed_nedgis-122048-product.jpg?fit=774%2C705&amp;ssl=1\" data-orig-size=\"774,705\" data-comments-opened=\"1\" data-image-meta=\"{&quot;aperture&quot;:&quot;0&quot;,&quot;credit&quot;:&quot;&quot;,&quot;camera&quot;:&quot;&quot;,&quot;caption&quot;:&quot;&quot;,&quot;created_timestamp&quot;:&quot;0&quot;,&quot;copyright&quot;:&quot;&quot;,&quot;focal_length&quot;:&quot;0&quot;,&quot;iso&quot;:&quot;0&quot;,&quot;shutter_speed&quot;:&quot;0&quot;,&quot;title&quot;:&quot;&quot;,&quot;orientation&quot;:&quot;0&quot;}\" data-image-title=\"spirale-_verner-panton_suspension-pendant-light-_verpan_113822__design_signed_nedgis-122048-product\" data-image-description=\"\" data-image-caption=\"\" data-large-file=\"https:\/\/i0.wp.com\/blog.nedgis.com\/wp-content\/uploads\/2022\/04\/spirale-_verner-panton_suspension-pendant-light-_verpan_113822__design_signed_nedgis-122048-product.jpg?fit=774%2C705&amp;ssl=1\" src=\"https:\/\/i0.wp.com\/blog.nedgis.com\/wp-content\/uploads\/2022\/04\/spirale-_verner-panton_suspension-pendant-light-_verpan_113822__design_signed_nedgis-122048-product.jpg?resize=774%2C705&#038;ssl=1\" alt=\"\" class=\"wp-image-21878\" \/><\/a><\/figure>\n\n\n\n<figure class=\"wp-block-image aligncenter size-large\"><a href=\"https:\/\/www.nedgis.com\/products\/suspension-2097-50-laiton-ampoules-transparentes-o100cm-h88cm-flos\"><img data-recalc-dims=\"1\" loading=\"lazy\" decoding=\"async\" width=\"774\" height=\"705\" data-attachment-id=\"21880\" data-permalink=\"https:\/\/blog.nedgis.com\/es\/2097-50_gino-sarfatti_suspension-pendant-light-_flos_a1502059__design_signed_nedgis-107615-product\/\" data-orig-file=\"https:\/\/i0.wp.com\/blog.nedgis.com\/wp-content\/uploads\/2022\/04\/2097-50_gino-sarfatti_suspension-pendant-light-_flos_a1502059__design_signed_nedgis-107615-product.jpg?fit=774%2C705&amp;ssl=1\" data-orig-size=\"774,705\" data-comments-opened=\"1\" data-image-meta=\"{&quot;aperture&quot;:&quot;0&quot;,&quot;credit&quot;:&quot;&quot;,&quot;camera&quot;:&quot;&quot;,&quot;caption&quot;:&quot;&quot;,&quot;created_timestamp&quot;:&quot;0&quot;,&quot;copyright&quot;:&quot;&quot;,&quot;focal_length&quot;:&quot;0&quot;,&quot;iso&quot;:&quot;0&quot;,&quot;shutter_speed&quot;:&quot;0&quot;,&quot;title&quot;:&quot;&quot;,&quot;orientation&quot;:&quot;0&quot;}\" data-image-title=\"2097-50_gino-sarfatti_suspension-pendant-light-_flos_a1502059__design_signed_nedgis-107615-product\" data-image-description=\"\" data-image-caption=\"\" data-large-file=\"https:\/\/i0.wp.com\/blog.nedgis.com\/wp-content\/uploads\/2022\/04\/2097-50_gino-sarfatti_suspension-pendant-light-_flos_a1502059__design_signed_nedgis-107615-product.jpg?fit=774%2C705&amp;ssl=1\" src=\"https:\/\/i0.wp.com\/blog.nedgis.com\/wp-content\/uploads\/2022\/04\/2097-50_gino-sarfatti_suspension-pendant-light-_flos_a1502059__design_signed_nedgis-107615-product.jpg?resize=774%2C705&#038;ssl=1\" alt=\"\" class=\"wp-image-21880\" \/><\/a><\/figure>\n\n\n\n<figure class=\"wp-block-image aligncenter size-large\"><a href=\"https:\/\/www.nedgis.com\/products\/lustre-crown-medium-orange-h135cm-jspr\"><img data-recalc-dims=\"1\" loading=\"lazy\" decoding=\"async\" width=\"774\" height=\"705\" data-attachment-id=\"21881\" data-permalink=\"https:\/\/blog.nedgis.com\/es\/crown-medium_grietje-schepers_jspr_crown_medium_orange_luminaire_lighting_design_signed-12063-product\/\" data-orig-file=\"https:\/\/i0.wp.com\/blog.nedgis.com\/wp-content\/uploads\/2022\/04\/crown-medium_grietje-schepers_jspr_crown_medium_orange_luminaire_lighting_design_signed-12063-product.jpg?fit=774%2C705&amp;ssl=1\" data-orig-size=\"774,705\" data-comments-opened=\"1\" data-image-meta=\"{&quot;aperture&quot;:&quot;0&quot;,&quot;credit&quot;:&quot;&quot;,&quot;camera&quot;:&quot;&quot;,&quot;caption&quot;:&quot;&quot;,&quot;created_timestamp&quot;:&quot;0&quot;,&quot;copyright&quot;:&quot;&quot;,&quot;focal_length&quot;:&quot;0&quot;,&quot;iso&quot;:&quot;0&quot;,&quot;shutter_speed&quot;:&quot;0&quot;,&quot;title&quot;:&quot;&quot;,&quot;orientation&quot;:&quot;0&quot;}\" data-image-title=\"crown-medium_grietje-schepers_jspr_crown_medium_orange_luminaire_lighting_design_signed-12063-product\" data-image-description=\"\" data-image-caption=\"\" data-large-file=\"https:\/\/i0.wp.com\/blog.nedgis.com\/wp-content\/uploads\/2022\/04\/crown-medium_grietje-schepers_jspr_crown_medium_orange_luminaire_lighting_design_signed-12063-product.jpg?fit=774%2C705&amp;ssl=1\" src=\"https:\/\/i0.wp.com\/blog.nedgis.com\/wp-content\/uploads\/2022\/04\/crown-medium_grietje-schepers_jspr_crown_medium_orange_luminaire_lighting_design_signed-12063-product.jpg?resize=774%2C705&#038;ssl=1\" alt=\"\" class=\"wp-image-21881\" \/><\/a><\/figure>\n\n\n\n<p class=\"wp-block-paragraph\"><\/p>\n\n\n\n<p class=\"wp-block-paragraph\">(Lamentablemente, ya no trabajamos con la marca JSPR, pero puede encontrar art\u00edculos similares a esta l\u00e1mpara de ara\u00f1a en <a href=\"https:\/\/www.nedgis.com\/q\/envie-de-quoi--lustre-de-grande-taille\"><mark style=\"background-color:rgba(0, 0, 0, 0)\" class=\"has-inline-color has-vivid-cyan-blue-color\">nuestra tienda en l\u00ednea<\/mark><\/a>) <\/p>\n\n\n\n<hr class=\"wp-block-separator has-alpha-channel-opacity\" \/>\n\n\n\n<p class=\"wp-block-paragraph\">El barroco es una gran inspiraci\u00f3n en el mundo del dise\u00f1o, sobre todo en la iluminaci\u00f3n, con su juego de luces, colores y texturas.&nbsp;<a href=\"https:\/\/blog.nedgis.com\/es\/2019\/03\/24\/les-lustres-grande-taille-ou-les-luminaires-extravagants-pour-sublimer-un-interieur\/\"><mark style=\"background-color:rgba(0, 0, 0, 0)\" class=\"has-inline-color has-vivid-cyan-blue-color\">tallas grandes<\/mark><\/a>&nbsp;estilo.&nbsp;<\/p>\n\n\n\n<p class=\"wp-block-paragraph\">Si desea m\u00e1s informaci\u00f3n, p\u00f3ngase en contacto con nosotros.&nbsp;<\/p>","protected":false},"excerpt":{"rendered":"<p>Art et design \u00e9tant intimement li\u00e9s, int\u00e9ressons-nous aujourd\u2019hui \u00e0 l\u2019inspiration baroque dans le design du luminaire&nbsp;!&nbsp; Le baroque est issu du portugais \u00ab&nbsp;barocco&nbsp;\u00bb et signifie \u00ab&nbsp;perle irr\u00e9guli\u00e8re&nbsp;\u00bb.&nbsp; N\u00e9 en Italie \u00e0 la fin du XVIe si\u00e8cle, le mouvement baroque s\u2019adonne \u00e0 r\u00e9tablir l\u2019image de la religion catholique mise \u00e0 mal durant cette p\u00e9riode, par l\u2019\u00e9mergence [&hellip;]<\/p>\n","protected":false},"author":64499198,"featured_media":21947,"comment_status":"open","ping_status":"open","sticky":false,"template":"","format":"gallery","meta":{"_coblocks_attr":"","_coblocks_dimensions":"","_coblocks_responsive_height":"","_coblocks_accordion_ie_support":"","advanced_seo_description":"","jetpack_seo_html_title":"","jetpack_seo_noindex":false,"jetpack_seo_schema_type":"","_jetpack_newsletter_access":"","_jetpack_dont_email_post_to_subs":false,"_jetpack_newsletter_tier_id":0,"_jetpack_memberships_contains_paywalled_content":false,"_wpcom_ai_launchpad_first_post":false,"_jetpack_feature_clip_id":0,"_jetpack_memberships_contains_paid_content":false,"footnotes":"","jetpack_publicize_message":"{title}\n\n{excerpt}\n\n{url}","jetpack_publicize_feature_enabled":true,"jetpack_social_post_already_shared":false,"jetpack_social_options":{"image_generator_settings":{"template":"highway","default_image_id":0,"font":"","enabled":false},"version":2},"_wpas_customize_per_network":false,"jetpack_post_was_ever_published":false},"categories":[134059,350176],"tags":[748189701,19049570,748189679,155978258,155978249,111708420],"class_list":["post-21861","post","type-post","status-publish","format-gallery","has-post-thumbnail","hentry","category-baroque","category-luminaire","tag-couleur-baroque","tag-deco-baroque","tag-deco-baroque-luminaires","tag-luminaire-baroque","tag-suspension-baroque","tag-tendance-baroque","post_format-post-format-gallery"],"jetpack_publicize_connections":[],"jetpack_likes_enabled":true,"jetpack_sharing_enabled":true,"jetpack_shortlink":"https:\/\/wp.me\/p4ySCb-5GB","jetpack-related-posts":[],"jetpack_featured_media_url":"https:\/\/i0.wp.com\/blog.nedgis.com\/wp-content\/uploads\/2022\/04\/accordeon-vertical_marc-sadler_suspension-pendant-light-_slamp_acrss00gld01b00000eu__design_signed_nedgis-143959-product-1.jpg?fit=774%2C705&ssl=1","_links":{"self":[{"href":"https:\/\/blog.nedgis.com\/es\/wp-json\/wp\/v2\/posts\/21861","targetHints":{"allow":["GET"]}}],"collection":[{"href":"https:\/\/blog.nedgis.com\/es\/wp-json\/wp\/v2\/posts"}],"about":[{"href":"https:\/\/blog.nedgis.com\/es\/wp-json\/wp\/v2\/types\/post"}],"author":[{"embeddable":true,"href":"https:\/\/blog.nedgis.com\/es\/wp-json\/wp\/v2\/users\/64499198"}],"replies":[{"embeddable":true,"href":"https:\/\/blog.nedgis.com\/es\/wp-json\/wp\/v2\/comments?post=21861"}],"version-history":[{"count":16,"href":"https:\/\/blog.nedgis.com\/es\/wp-json\/wp\/v2\/posts\/21861\/revisions"}],"predecessor-version":[{"id":23757,"href":"https:\/\/blog.nedgis.com\/es\/wp-json\/wp\/v2\/posts\/21861\/revisions\/23757"}],"wp:featuredmedia":[{"embeddable":true,"href":"https:\/\/blog.nedgis.com\/es\/wp-json\/wp\/v2\/media\/21947"}],"wp:attachment":[{"href":"https:\/\/blog.nedgis.com\/es\/wp-json\/wp\/v2\/media?parent=21861"}],"wp:term":[{"taxonomy":"category","embeddable":true,"href":"https:\/\/blog.nedgis.com\/es\/wp-json\/wp\/v2\/categories?post=21861"},{"taxonomy":"post_tag","embeddable":true,"href":"https:\/\/blog.nedgis.com\/es\/wp-json\/wp\/v2\/tags?post=21861"}],"curies":[{"name":"wp","href":"https:\/\/api.w.org\/{rel}","templated":true}]}}