{"id":17976,"date":"2021-08-01T11:00:00","date_gmt":"2021-08-01T09:00:00","guid":{"rendered":"https:\/\/blog.nedgis.com\/?p=17976"},"modified":"2021-05-04T12:11:12","modified_gmt":"2021-05-04T10:11:12","slug":"rikke-frost-le-style-scandinave-revisite","status":"publish","type":"post","link":"https:\/\/blog.nedgis.com\/es\/2021\/08\/01\/rikke-frost-le-style-scandinave-revisite\/","title":{"rendered":"Rikke Frost: el estilo escandinavo revisitado"},"content":{"rendered":"<p class=\"wp-block-paragraph\">Rikke Frost est une designer industriel form\u00e9e et dipl\u00f4m\u00e9e de l&rsquo;\u00e9cole danoise d&rsquo;architecture d&rsquo;Aarhus. <\/p>\n\n\n\n<p class=\"wp-block-paragraph\">Depuis 2004, elle travaille dans un studio de conception cr\u00e9atif multidisciplinaire qui s\u2019int\u00e9resse au design nordique.<\/p>\n\n\n\n<p class=\"wp-block-paragraph\"><\/p>\n\n\n\n<div class=\"wp-block-image\"><figure class=\"aligncenter size-large\"><img data-recalc-dims=\"1\" loading=\"lazy\" decoding=\"async\" width=\"760\" height=\"500\" data-attachment-id=\"17978\" data-permalink=\"https:\/\/blog.nedgis.com\/es\/2021\/08\/01\/rikke-frost-le-style-scandinave-revisite\/griffenfeldtsgade-7a-3floor-2200-cph-n-4082-2786\/\" data-orig-file=\"https:\/\/i0.wp.com\/blog.nedgis.com\/wp-content\/uploads\/2021\/04\/rikke_frost_copy.jpeg?fit=760%2C500&amp;ssl=1\" data-orig-size=\"760,500\" data-comments-opened=\"1\" data-image-meta=\"{&quot;aperture&quot;:&quot;5.6&quot;,&quot;credit&quot;:&quot;Kristian Holm&quot;,&quot;camera&quot;:&quot;Canon EOS-1Ds Mark III&quot;,&quot;caption&quot;:&quot;Griffenfeldtsgade 7A, 3floor.\\r2200 Cph. N.\\r4082 2786.&quot;,&quot;created_timestamp&quot;:&quot;1278589964&quot;,&quot;copyright&quot;:&quot;Billedet er beskyttet af ophavsretsloven paragraf 1.&quot;,&quot;focal_length&quot;:&quot;35&quot;,&quot;iso&quot;:&quot;200&quot;,&quot;shutter_speed&quot;:&quot;0.025&quot;,&quot;title&quot;:&quot;Griffenfeldtsgade 7A, 3floor.\\r2200 Cph. N.\\r4082 2786.&quot;,&quot;orientation&quot;:&quot;1&quot;}\" data-image-title=\"Griffenfeldtsgade 7A, 3floor.2200 Cph. N.4082 2786.\" data-image-description=\"\" data-image-caption=\"&lt;p&gt;Griffenfeldtsgade 7A, 3floor.&lt;br \/&gt;2200 Cph. N.&lt;br \/&gt;4082 2786.&lt;\/p&gt;\" data-large-file=\"https:\/\/i0.wp.com\/blog.nedgis.com\/wp-content\/uploads\/2021\/04\/rikke_frost_copy.jpeg?fit=760%2C500&amp;ssl=1\" src=\"https:\/\/i0.wp.com\/blog.nedgis.com\/wp-content\/uploads\/2021\/04\/rikke_frost_copy.jpeg?resize=760%2C500&#038;ssl=1\" alt=\"\" class=\"wp-image-17978\" \/><\/figure><\/div>\n\n\n\n<p class=\"wp-block-paragraph\"><\/p>\n\n\n\n<p class=\"wp-block-paragraph\">Rikke Frost s&rsquo;est fait conna\u00eetre pour la premi\u00e8re fois lorsqu&rsquo;elle a particip\u00e9 \u00e0 la s\u00e9rie t\u00e9l\u00e9vis\u00e9e \u00abDanmarks n\u00e6ste klassiker\u00bb (les prochains mod\u00e8les classiques du Danemark), qui a \u00e9t\u00e9 diffus\u00e9e au printemps 2019.<\/p>\n\n\n\n<p class=\"wp-block-paragraph\">La particularit\u00e9 de <a href=\"https:\/\/www.nedgis.com\/designers\/rikke-frost\"><span class=\"has-inline-color has-vivid-cyan-blue-color\">Rikke Frost<\/span> <\/a>est qu\u2019elle aime combiner les mati\u00e8res et donner \u00e0 ses cr\u00e9ations une dimension tactile ainsi qu&rsquo;une dimension fonctionnelle et visuelle. Le d\u00e9sir de cr\u00e9er une exp\u00e9rience unique joue un r\u00f4le cl\u00e9 dans le processus de conception de Rikke Frost. Gr\u00e2ce \u00e0 des combinaisons de mat\u00e9riaux et \u00e0 l&rsquo;exploration de leurs propri\u00e9t\u00e9s, elle y ajoute un usage naturel. Son style est reconnaissable et simple, en se concentrant sur la couleur, les d\u00e9tails et les fonctionnalit\u00e9s surprenantes qui entretiennent l&rsquo;exp\u00e9rience d&rsquo;un design uniforme.<\/p>\n\n\n\n<p class=\"wp-block-paragraph\">\u00ab&nbsp;<em>Mon style est <a href=\"https:\/\/blog.nedgis.com\/es\/2020\/09\/13\/redecouvrez-les-classiques-du-design-scandinave-a-travers-la-maison-verpan\/\"><span class=\"has-inline-color has-vivid-cyan-blue-color\">Escandinavo<\/span><\/a> revisit\u00e9. Mes cr\u00e9ations sont pures et originales. J&rsquo;ai un go\u00fbt prononc\u00e9 pour les tendances et j&rsquo;aime jouer avec les diff\u00e9rents mat\u00e9riaux<\/em>.&nbsp;\u00bb &#8211; Rikke Frost<\/p>\n\n\n\n<p class=\"wp-block-paragraph\">Le design de Frost a une touche scandinave qui trouve souvent des formes robustes et sculpturales.&nbsp;Au cours de sa carri\u00e8re, Rikke Frost a collabor\u00e9 avec de nombreuses marques danoises et internationales bien connues telles que le Klint<span class=\"has-inline-color has-vivid-cyan-blue-color\">,<\/span> <a href=\"https:\/\/www.nedgis.com\/q\/marque--new-works\"><span class=\"has-inline-color has-vivid-cyan-blue-color\">Obras nuevas<\/span><\/a>, Woud\u2026<\/p>\n\n\n\n<hr class=\"wp-block-separator\" \/>\n\n\n\n<p class=\"wp-block-paragraph\">En 2019, Rikke Frost s&rsquo;associe au Klint pour d\u00e9velopper sa suspension Caleo.<\/p>\n\n\n\n<p class=\"wp-block-paragraph\">La suspension Caleo, qui signifie \u00ab\u00a0mettre en valeur\u00a0\u00bb en latin, a \u00e9t\u00e9 imagin\u00e9e par Rikke Frost en 2019 pour la marque de luminaires danois<span class=\"has-inline-color has-vivid-cyan-blue-color\"> <\/span>La <a href=\"https:\/\/blog.nedgis.com\/es\/2018\/07\/30\/a-la-decouverte-du-papier-plisse-avec-les-luminaires-ultra-design-de-la-marque-danoise-le-klint\/\"><span class=\"has-inline-color has-vivid-cyan-blue-color\">Klint<\/span><\/a>.<\/p>\n\n\n\n<div class=\"wp-block-image\"><figure class=\"aligncenter\"><a href=\"https:\/\/www.nedgis.com\/products\/suspension-caleo-beige-o58cm-h60cm-le-klint\"><img data-recalc-dims=\"1\" decoding=\"async\" src=\"https:\/\/i0.wp.com\/s3-eu-west-1.amazonaws.com\/nedgis\/public\/images\/products\/suspension-caleo-beige-o58cm-h60cm-le-klint\/gallery\/caleo_rikke-frost_suspension-pendant-light-_le-klint_126tv__design_signed_nedgis-74530-product.jpg?ssl=1\" alt=\"SUSPENSION, CALEO, BEIGE, \u00d858CM, H60CM - LE KLINT\" \/><\/a><\/figure><\/div>\n\n\n\n<p class=\"wp-block-paragraph\">Dans la tradition de la marque, Rikke Frost cr\u00e9\u00e9e des abat-jours en papier pliss\u00e9 donnant \u00e0 la suspension une allure \u00e9l\u00e9gante.<\/p>\n\n\n\n<div class=\"wp-block-image\"><figure class=\"aligncenter\"><a href=\"https:\/\/www.nedgis.com\/products\/suspension-caleo-beige-o58cm-h60cm-le-klint\"><img data-recalc-dims=\"1\" decoding=\"async\" src=\"https:\/\/i0.wp.com\/s3-eu-west-1.amazonaws.com\/nedgis\/public\/images\/products\/suspension-caleo-beige-o58cm-h60cm-le-klint\/gallery\/caleo_rikke-frost_suspension-pendant-light-_le-klint_126tv__design_signed_nedgis-74535-product.jpg?ssl=1\" alt=\"SUSPENSION, CALEO, BEIGE, \u00d858CM, H60CM - LE KLINT\" \/><\/a><\/figure><\/div>\n\n\n\n<p class=\"wp-block-paragraph\"><\/p>\n\n\n\n<p class=\"wp-block-paragraph\"><\/p>\n\n\n\n<p class=\"wp-block-paragraph\">La collection de suspensions Dot a \u00e9t\u00e9 cr\u00e9\u00e9e par Rikke Frost pour la marque <a href=\"https:\/\/www.nedgis.com\/q\/marque--woud\"><span class=\"has-inline-color has-vivid-cyan-blue-color\">Woud<\/span><\/a> afin de donner vie \u00e0 une atmosph\u00e8re ludique et chaleureuse.<\/p>\n\n\n\n<p class=\"wp-block-paragraph\"><\/p>\n\n\n\n<p class=\"wp-block-paragraph\"><\/p>\n\n\n\n<div class=\"wp-block-image\"><figure class=\"aligncenter\"><a href=\"https:\/\/www.nedgis.com\/products\/suspension-dot-pendant-s-noir-led-o12cm-h13cm-woud\"><img data-recalc-dims=\"1\" decoding=\"async\" src=\"https:\/\/i0.wp.com\/s3-eu-west-1.amazonaws.com\/nedgis\/public\/images\/products\/suspension-dot-pendant-s-noir-led-o12cm-h13cm-woud\/gallery\/dot-pendant-s__suspension-pendant-light-_woud_133010__design_signed-37540-product.jpg?ssl=1\" alt=\"SUSPENSION, DOT PENDANT S, NOIR, LED, \u00d812CM, H13CM - WOUD\" \/><\/a><\/figure><\/div>\n\n\n\n<p class=\"wp-block-paragraph\">Classique, minimaliste et \u00e9l\u00e9gant, ce luminaire est en parfaite ad\u00e9quation avec les principes du<a href=\"https:\/\/blog.nedgis.com\/es\/2019\/02\/24\/bolia-ou-le-meilleur-du-nouveau-design-scandinave\/\"> <span class=\"has-inline-color has-vivid-cyan-blue-color\">Dise\u00f1o n\u00f3rdico<\/span><\/a>, o\u00f9 sobri\u00e9t\u00e9 et esth\u00e9tisme intemporel sont les ma\u00eetre mots.<\/p>\n\n\n\n<div class=\"wp-block-image\"><figure class=\"aligncenter\"><a href=\"https:\/\/www.nedgis.com\/products\/suspension-dot-pendant-s-noir-led-o12cm-h13cm-woud\"><img data-recalc-dims=\"1\" decoding=\"async\" src=\"https:\/\/i0.wp.com\/s3-eu-west-1.amazonaws.com\/nedgis\/public\/images\/products\/suspension-dot-pendant-s-noir-led-o12cm-h13cm-woud\/gallery\/dot-pendant-s__suspension-pendant-light-_woud_133010__design_signed-37543-product.jpg?ssl=1\" alt=\"SUSPENSION, DOT PENDANT S, NOIR, LED, \u00d812CM, H13CM - WOUD\" \/><\/a><\/figure><\/div>\n\n\n\n<hr class=\"wp-block-separator\" \/>\n\n\n\n<p class=\"wp-block-paragraph\">La designer danoise Rikke Frost a toujours \u00e9t\u00e9 curieuse de la combinaison de diff\u00e9rentes traditions artisanales et de types de mat\u00e9riaux. Elle estime que les cr\u00e9ations doivent \u00eatre vues et ressenties et se concentre sur la couleur, le d\u00e9tail et les caract\u00e9ristiques surprenantes qui donnent l&rsquo;exp\u00e9rience d&rsquo;un design uniforme.<\/p>\n\n\n\n<p class=\"wp-block-paragraph\">Rikke Frost a remport\u00e9 et a \u00e9t\u00e9 nomin\u00e9e pour plusieurs prix, dont le Danish Design Award et le Bolig Magasinets Design Award. <\/p>\n\n\n\n<hr class=\"wp-block-separator\" \/>\n\n\n\n<p class=\"wp-block-paragraph\">Para m\u00e1s informaci\u00f3n, p\u00f3ngase en contacto con<span class=\"has-inline-color has-vivid-cyan-blue-color\">&nbsp;<a href=\"https:\/\/www.nedgis.com\/contacts\/new?is_pro=false\">contacto con nosotros.<\/a>&nbsp;<\/span>!<\/p>","protected":false},"excerpt":{"rendered":"<p>Rikke Frost est une designer industriel form\u00e9e et dipl\u00f4m\u00e9e de l&rsquo;\u00e9cole danoise d&rsquo;architecture d&rsquo;Aarhus. Depuis 2004, elle travaille dans un studio de conception cr\u00e9atif multidisciplinaire qui s\u2019int\u00e9resse au design nordique. Rikke Frost s&rsquo;est fait conna\u00eetre pour la premi\u00e8re fois lorsqu&rsquo;elle a particip\u00e9 \u00e0 la s\u00e9rie t\u00e9l\u00e9vis\u00e9e \u00abDanmarks n\u00e6ste klassiker\u00bb (les prochains mod\u00e8les classiques du Danemark), [&hellip;]<\/p>\n","protected":false},"author":64499198,"featured_media":17978,"comment_status":"open","ping_status":"open","sticky":false,"template":"","format":"gallery","meta":{"_coblocks_attr":"","_coblocks_dimensions":"","_coblocks_responsive_height":"","_coblocks_accordion_ie_support":"","advanced_seo_description":"","jetpack_seo_html_title":"","jetpack_seo_noindex":false,"jetpack_seo_schema_type":"","_jetpack_newsletter_access":"","_jetpack_dont_email_post_to_subs":false,"_jetpack_newsletter_tier_id":0,"_jetpack_memberships_contains_paywalled_content":false,"_wpcom_ai_launchpad_first_post":false,"_jetpack_feature_clip_id":0,"_jetpack_memberships_contains_paid_content":false,"footnotes":"","jetpack_publicize_message":"{title}\n\n{excerpt}\n\n{url}","jetpack_publicize_feature_enabled":true,"jetpack_social_post_already_shared":false,"jetpack_social_options":{"image_generator_settings":{"template":"highway","default_image_id":0,"font":"","enabled":false},"version":2},"_wpas_customize_per_network":false,"jetpack_post_was_ever_published":false},"categories":[1052676,30643,350176,36659784],"tags":[34345242,63775278,12542637,31561940,718253533,589142643,592608899,718253530,44955724],"class_list":["post-17976","post","type-post","status-publish","format-gallery","has-post-thumbnail","hentry","category-contemporain","category-designer","category-luminaire","category-suspension-2","tag-design-danois","tag-design-nordique","tag-design-scandinave","tag-rikke-frost","tag-suspension-caleo-le-klint","tag-suspension-design-danoise","tag-suspension-design-nordique","tag-suspension-dot-woud","tag-suspension-scandinave","post_format-post-format-gallery"],"jetpack_publicize_connections":[],"jetpack_likes_enabled":true,"jetpack_sharing_enabled":true,"jetpack_shortlink":"https:\/\/wp.me\/p4ySCb-4FW","jetpack-related-posts":[],"jetpack_featured_media_url":"https:\/\/i0.wp.com\/blog.nedgis.com\/wp-content\/uploads\/2021\/04\/rikke_frost_copy.jpeg?fit=760%2C500&ssl=1","_links":{"self":[{"href":"https:\/\/blog.nedgis.com\/es\/wp-json\/wp\/v2\/posts\/17976","targetHints":{"allow":["GET"]}}],"collection":[{"href":"https:\/\/blog.nedgis.com\/es\/wp-json\/wp\/v2\/posts"}],"about":[{"href":"https:\/\/blog.nedgis.com\/es\/wp-json\/wp\/v2\/types\/post"}],"author":[{"embeddable":true,"href":"https:\/\/blog.nedgis.com\/es\/wp-json\/wp\/v2\/users\/64499198"}],"replies":[{"embeddable":true,"href":"https:\/\/blog.nedgis.com\/es\/wp-json\/wp\/v2\/comments?post=17976"}],"version-history":[{"count":17,"href":"https:\/\/blog.nedgis.com\/es\/wp-json\/wp\/v2\/posts\/17976\/revisions"}],"predecessor-version":[{"id":18046,"href":"https:\/\/blog.nedgis.com\/es\/wp-json\/wp\/v2\/posts\/17976\/revisions\/18046"}],"wp:featuredmedia":[{"embeddable":true,"href":"https:\/\/blog.nedgis.com\/es\/wp-json\/wp\/v2\/media\/17978"}],"wp:attachment":[{"href":"https:\/\/blog.nedgis.com\/es\/wp-json\/wp\/v2\/media?parent=17976"}],"wp:term":[{"taxonomy":"category","embeddable":true,"href":"https:\/\/blog.nedgis.com\/es\/wp-json\/wp\/v2\/categories?post=17976"},{"taxonomy":"post_tag","embeddable":true,"href":"https:\/\/blog.nedgis.com\/es\/wp-json\/wp\/v2\/tags?post=17976"}],"curies":[{"name":"wp","href":"https:\/\/api.w.org\/{rel}","templated":true}]}}