{"id":14924,"date":"2020-03-29T08:30:44","date_gmt":"2020-03-29T06:30:44","guid":{"rendered":"http:\/\/blog.nedgis.com\/?p=14924"},"modified":"2020-03-04T15:54:29","modified_gmt":"2020-03-04T13:54:29","slug":"disderot-des-dessins-oublies-qui-revoient-le-jour","status":"publish","type":"post","link":"https:\/\/blog.nedgis.com\/es\/2020\/03\/29\/disderot-des-dessins-oublies-qui-revoient-le-jour\/","title":{"rendered":"Disderot... \u00a1dibujos olvidados devueltos a la vida!"},"content":{"rendered":"<p>Disderot, une maison fran\u00e7aise qui se consacre \u00e0 la r\u00e9\u00e9dition de luminaires des ann\u00e9es <a href=\"https:\/\/blog.nedgis.com\/es\/2016\/03\/19\/entrez-dans-lunivers-des-luminaires-des-annees-50-le-design-y-adopte-la-modernite\/\"><span style=\"color:#333399;\">50<\/span><\/a> \u00e0 70, initialement \u00e9dit\u00e9s par les Ateliers Disderot, et qui fait aujourd\u2019hui durer l\u2019esprit intemporel de la <a href=\"https:\/\/www.nedgis.com\/q\/mon-origine--france\"><span style=\"color:#333399;\">cr\u00e9ation fran\u00e7aise<\/span><\/a> de ces ann\u00e9es.<\/p>\n<p><a href=\"https:\/\/www.nedgis.com\/q\/marque--disderot\"><img data-recalc-dims=\"1\" loading=\"lazy\" decoding=\"async\" data-attachment-id=\"14930\" data-permalink=\"https:\/\/blog.nedgis.com\/es\/2020\/03\/29\/disderot-des-dessins-oublies-qui-revoient-le-jour\/logo-d-2\/\" data-orig-file=\"https:\/\/i0.wp.com\/blog.nedgis.com\/wp-content\/uploads\/2020\/03\/logo-d-2.jpg?fit=431%2C512&amp;ssl=1\" data-orig-size=\"431,512\" data-comments-opened=\"1\" data-image-meta=\"{&quot;aperture&quot;:&quot;0&quot;,&quot;credit&quot;:&quot;&quot;,&quot;camera&quot;:&quot;&quot;,&quot;caption&quot;:&quot;&quot;,&quot;created_timestamp&quot;:&quot;0&quot;,&quot;copyright&quot;:&quot;&quot;,&quot;focal_length&quot;:&quot;0&quot;,&quot;iso&quot;:&quot;0&quot;,&quot;shutter_speed&quot;:&quot;0&quot;,&quot;title&quot;:&quot;&quot;,&quot;orientation&quot;:&quot;1&quot;}\" data-image-title=\"Logo D 2\" data-image-description=\"\" data-image-caption=\"\" data-large-file=\"https:\/\/i0.wp.com\/blog.nedgis.com\/wp-content\/uploads\/2020\/03\/logo-d-2.jpg?fit=431%2C512&amp;ssl=1\" class=\"aligncenter wp-image-14930 size-full\" title=\"Disderot... \u00a1dibujos olvidados devueltos a la vida!\" src=\"https:\/\/i0.wp.com\/blog.nedgis.com\/wp-content\/uploads\/2020\/03\/logo-d-2.jpg?resize=431%2C512&#038;ssl=1\" alt=\"Disderot... \u00a1dibujos olvidados devueltos a la vida!\" width=\"431\" height=\"512\" \/><\/a><\/p>\n<p><a href=\"https:\/\/www.nedgis.com\/q\/marque--disderot\"><img data-recalc-dims=\"1\" loading=\"lazy\" decoding=\"async\" data-attachment-id=\"14935\" data-permalink=\"https:\/\/blog.nedgis.com\/es\/2020\/03\/29\/disderot-des-dessins-oublies-qui-revoient-le-jour\/patchwork-disderot\/\" data-orig-file=\"https:\/\/i0.wp.com\/blog.nedgis.com\/wp-content\/uploads\/2020\/03\/patchwork-disderot.jpg?fit=2150%2C1154&amp;ssl=1\" data-orig-size=\"2150,1154\" data-comments-opened=\"1\" data-image-meta=\"{&quot;aperture&quot;:&quot;0&quot;,&quot;credit&quot;:&quot;&quot;,&quot;camera&quot;:&quot;&quot;,&quot;caption&quot;:&quot;&quot;,&quot;created_timestamp&quot;:&quot;0&quot;,&quot;copyright&quot;:&quot;&quot;,&quot;focal_length&quot;:&quot;0&quot;,&quot;iso&quot;:&quot;0&quot;,&quot;shutter_speed&quot;:&quot;0&quot;,&quot;title&quot;:&quot;&quot;,&quot;orientation&quot;:&quot;1&quot;}\" data-image-title=\"Patchwork Disderot\" data-image-description=\"\" data-image-caption=\"\" data-large-file=\"https:\/\/i0.wp.com\/blog.nedgis.com\/wp-content\/uploads\/2020\/03\/patchwork-disderot.jpg?fit=1024%2C550&amp;ssl=1\" class=\"aligncenter wp-image-14935 size-full\" title=\"Disderot... \u00a1dibujos olvidados devueltos a la vida!\" src=\"https:\/\/i0.wp.com\/blog.nedgis.com\/wp-content\/uploads\/2020\/03\/patchwork-disderot.jpg?resize=700%2C376&#038;ssl=1\" alt=\"Disderot... \u00a1dibujos olvidados devueltos a la vida!\" width=\"700\" height=\"376\" \/><\/a><\/p>\n<hr \/>\n<p><em><strong>La petite histoire<\/strong><\/em><\/p>\n<p>Tout commence avec <a href=\"https:\/\/www.nedgis.com\/designers\/pierre-disderot\"><span style=\"color:#333399;\">Pierre Disderot<\/span><\/a>, pionnier de la lumi\u00e8re moderne, n\u00e9 en 1920 \u00e0 Paris.<br \/>\nIl d\u00e9bute ses \u00e9tudes en ing\u00e9nierie de l\u2019\u00e9lectricit\u00e9, mais se d\u00e9couvre vite une sensibilit\u00e9 pour l\u2019architecture moderne et ouvre son premier atelier en 1948 \u00e0 Cachan.<\/p>\n<p>Dans ses ateliers, il y rassemble les plus grands designers des ann\u00e9es 50 \u00e0 70. Ces collaborations donnent naissance \u00e0 des cr\u00e9ations embl\u00e9matiques de ces ann\u00e9es.<\/p>\n<p>En 1984 les Ateliers Disderot sont c\u00e9d\u00e9s \u00e0 l\u2019entreprise de luminaire Soka qui devient Soka Disderot.<br \/>\nSuite \u00e0 ce rachat, Soka se concentre uniquement sur l\u2019\u00e9clairage architectural, et laisse l\u2019\u00e9clairage d\u00e9coratif de c\u00f4t\u00e9.<br \/>\nPendant pr\u00e8s de 35 ans, les designs des Ateliers Disderot seront oubli\u00e9s et ne connaitront pas le jour.<\/p>\n<p>En 2016, les archives des Ateliers Disderot sont r\u00e9-ouvertes, et les nouveaux dirigeants de Soka d\u00e9cident de r\u00e9\u00e9diter certaines icones du design d\u00e8s 2017, dans le but de perp\u00e9tuer l\u2019\u0153uvre d\u2019un pr\u00e9curseur de la lumi\u00e8re moderne.<\/p>\n<p><span class=\"embed-youtube\" style=\"text-align:center; display: block;\"><iframe loading=\"lazy\" class=\"youtube-player\" width=\"640\" height=\"360\" src=\"https:\/\/www.youtube.com\/embed\/7Tm7wUx9r1k?version=3&#038;rel=1&#038;showsearch=0&#038;showinfo=1&#038;iv_load_policy=1&#038;fs=1&#038;hl=es-ES&#038;autohide=2&#038;wmode=transparent\" allowfullscreen=\"true\" style=\"border:0;\" sandbox=\"allow-scripts allow-same-origin allow-popups allow-presentation allow-popups-to-escape-sandbox\"><\/iframe><\/span><\/p>\n<p><strong>Disderot est aujourd\u2019hui une maison d\u00e9di\u00e9e \u00e0 la r\u00e9\u00e9dition de mythiques luminaires des ann\u00e9es 50 \u00e0 70.<\/strong><\/p>\n<p><a href=\"http:\/\/www.nedgis.com\/q\/marque--disderot\"><img data-recalc-dims=\"1\" loading=\"lazy\" decoding=\"async\" data-attachment-id=\"14926\" data-permalink=\"https:\/\/blog.nedgis.com\/es\/2020\/03\/29\/disderot-des-dessins-oublies-qui-revoient-le-jour\/ateliers-disderot\/\" data-orig-file=\"https:\/\/i0.wp.com\/blog.nedgis.com\/wp-content\/uploads\/2020\/03\/ateliers-disderot.jpg?fit=453%2C313&amp;ssl=1\" data-orig-size=\"453,313\" data-comments-opened=\"1\" data-image-meta=\"{&quot;aperture&quot;:&quot;0&quot;,&quot;credit&quot;:&quot;&quot;,&quot;camera&quot;:&quot;&quot;,&quot;caption&quot;:&quot;&quot;,&quot;created_timestamp&quot;:&quot;0&quot;,&quot;copyright&quot;:&quot;&quot;,&quot;focal_length&quot;:&quot;0&quot;,&quot;iso&quot;:&quot;0&quot;,&quot;shutter_speed&quot;:&quot;0&quot;,&quot;title&quot;:&quot;&quot;,&quot;orientation&quot;:&quot;0&quot;}\" data-image-title=\"Ateliers disderot\" data-image-description=\"\" data-image-caption=\"\" data-large-file=\"https:\/\/i0.wp.com\/blog.nedgis.com\/wp-content\/uploads\/2020\/03\/ateliers-disderot.jpg?fit=453%2C313&amp;ssl=1\" class=\"aligncenter wp-image-14926 size-full\" title=\"Disderot... \u00a1dibujos olvidados devueltos a la vida!\" src=\"https:\/\/i0.wp.com\/blog.nedgis.com\/wp-content\/uploads\/2020\/03\/ateliers-disderot.jpg?resize=453%2C313&#038;ssl=1\" alt=\"Disderot... \u00a1dibujos olvidados devueltos a la vida!\" width=\"453\" height=\"313\" \/><\/a><\/p>\n<hr \/>\n<p><em><strong>Une fabrication dans le respect des cr\u00e9ations originales<\/strong><\/em><\/p>\n<p>La maison donne beaucoup d\u2019attention au respect des cr\u00e9ations originales<br \/>\nAfin de rester dans ce respect des cr\u00e9ations de talentueux designers du 20\u00e8me si\u00e8cle, Disderot fait en sorte de r\u00e9\u00e9diter ces derni\u00e8res conform\u00e9ment aux originales, \u00e0 l\u2019identique dans les moindres d\u00e9tails.<\/p>\n<p>Nous parlons ici d\u2019<a href=\"https:\/\/www.nedgis.com\/q\/pensez-y--icones-du-design\"><span style=\"color:#333399;\">iconos de dise\u00f1o<\/span><\/a>, et pour certains mod\u00e8les d\u2019objets de collection. Il est donc crucial de les concevoir de la m\u00eame mani\u00e8re que celle dont les designers les ont imagin\u00e9s et dessin\u00e9s.<\/p>\n<p>Tous les luminaires Disderot ont \u00e9t\u00e9 pens\u00e9s, dessin\u00e9s et fabriqu\u00e9s en France. Un savoir-faire Fran\u00e7ais au c\u0153ur des pr\u00e9occupations de la maison.<br \/>\nLa maison s\u2019inscrit dans une d\u00e9marche traditionnelle et qualitative. Chacune des \u00e9ditions s\u2019accompagne d\u2019un certificat d\u2019authenticit\u00e9.<\/p>\n<p><a href=\"http:\/\/www.nedgis.com\/q\/marque--disderot\"><img data-recalc-dims=\"1\" loading=\"lazy\" decoding=\"async\" data-attachment-id=\"14928\" data-permalink=\"https:\/\/blog.nedgis.com\/es\/2020\/03\/29\/disderot-des-dessins-oublies-qui-revoient-le-jour\/disderot\/\" data-orig-file=\"https:\/\/i0.wp.com\/blog.nedgis.com\/wp-content\/uploads\/2020\/03\/disderot.jpg?fit=1000%2C550&amp;ssl=1\" data-orig-size=\"1000,550\" data-comments-opened=\"1\" data-image-meta=\"{&quot;aperture&quot;:&quot;0&quot;,&quot;credit&quot;:&quot;&quot;,&quot;camera&quot;:&quot;&quot;,&quot;caption&quot;:&quot;&quot;,&quot;created_timestamp&quot;:&quot;0&quot;,&quot;copyright&quot;:&quot;&quot;,&quot;focal_length&quot;:&quot;0&quot;,&quot;iso&quot;:&quot;0&quot;,&quot;shutter_speed&quot;:&quot;0&quot;,&quot;title&quot;:&quot;&quot;,&quot;orientation&quot;:&quot;0&quot;}\" data-image-title=\"disderot\" data-image-description=\"\" data-image-caption=\"\" data-large-file=\"https:\/\/i0.wp.com\/blog.nedgis.com\/wp-content\/uploads\/2020\/03\/disderot.jpg?fit=1000%2C550&amp;ssl=1\" class=\"aligncenter wp-image-14928 size-full\" title=\"Disderot... \u00a1dibujos olvidados devueltos a la vida!\" src=\"https:\/\/i0.wp.com\/blog.nedgis.com\/wp-content\/uploads\/2020\/03\/disderot.jpg?resize=700%2C385&#038;ssl=1\" alt=\"Disderot... \u00a1dibujos olvidados devueltos a la vida!\" width=\"700\" height=\"385\" \/><\/a><\/p>\n<hr \/>\n<p><em><strong>Des designers mythiques de la deuxi\u00e8me moiti\u00e9 du 20\u00e8me si\u00e8cle<\/strong><\/em><\/p>\n<p>Avec un esprit f\u00e9d\u00e9rateur, Pierre Disderot est \u00e0 l\u2019origine de partenariats qui ont r\u00e9invent\u00e9 l\u2019\u00e9clairage de la maison et la lumi\u00e8re telle que nous la connaissons aujourd\u2019hui.<br \/>\nMarcel Gascoin, <a href=\"https:\/\/www.nedgis.com\/designers\/pierre-guariche-1300ff45-b17e-4738-9d04-0e1267610a1a\"><span style=\"color:#333399;\">Pierre Guariche<\/span><\/a>, <a href=\"https:\/\/www.nedgis.com\/designers\/joseph-andre-motte\"><span style=\"color:#333399;\">Joseph-Andr\u00e9 Motte<\/span><\/a>, <a href=\"https:\/\/www.nedgis.com\/designers\/rene-jean-caillette\"><span style=\"color:#333399;\">Ren\u00e9-Jean Caillette<\/span><\/a>, <a href=\"https:\/\/www.nedgis.com\/designers\/roger-fatus\"><span style=\"color:#333399;\">Roger Fatus<\/span><\/a>, <span style=\"color:#333399;\"><a style=\"color:#333399;\" href=\"https:\/\/www.nedgis.com\/designers\/abraham-rol\">Abraham &amp; Rol<\/a><\/span>\u2026 Ils ont tous particip\u00e9 \u00e0 l\u2019\u00e9volution de l\u2019art d\u00e9coratif des ann\u00e9es 50 \u00e0 70.<\/p>\n<p>Lui-m\u00eame designer d\u2019exception, Pierre Disderot a \u00e9t\u00e9 capable de comprendre tout l\u2019int\u00e9r\u00eat de la modernit\u00e9 des designs propos\u00e9s par ces jeunes cr\u00e9ateurs.<\/p>\n<p><a href=\"http:\/\/www.nedgis.com\/q\/marque--disderot\"><img data-recalc-dims=\"1\" loading=\"lazy\" decoding=\"async\" data-attachment-id=\"14929\" data-permalink=\"https:\/\/blog.nedgis.com\/es\/2020\/03\/29\/disderot-des-dessins-oublies-qui-revoient-le-jour\/disgners-disderot\/\" data-orig-file=\"https:\/\/i0.wp.com\/blog.nedgis.com\/wp-content\/uploads\/2020\/03\/disgners-disderot.jpg?fit=453%2C263&amp;ssl=1\" data-orig-size=\"453,263\" data-comments-opened=\"1\" data-image-meta=\"{&quot;aperture&quot;:&quot;0&quot;,&quot;credit&quot;:&quot;&quot;,&quot;camera&quot;:&quot;&quot;,&quot;caption&quot;:&quot;&quot;,&quot;created_timestamp&quot;:&quot;0&quot;,&quot;copyright&quot;:&quot;&quot;,&quot;focal_length&quot;:&quot;0&quot;,&quot;iso&quot;:&quot;0&quot;,&quot;shutter_speed&quot;:&quot;0&quot;,&quot;title&quot;:&quot;&quot;,&quot;orientation&quot;:&quot;0&quot;}\" data-image-title=\"Disgners Disderot\" data-image-description=\"\" data-image-caption=\"\" data-large-file=\"https:\/\/i0.wp.com\/blog.nedgis.com\/wp-content\/uploads\/2020\/03\/disgners-disderot.jpg?fit=453%2C263&amp;ssl=1\" class=\"aligncenter wp-image-14929 size-full\" title=\"Disderot... \u00a1dibujos olvidados devueltos a la vida!\" src=\"https:\/\/i0.wp.com\/blog.nedgis.com\/wp-content\/uploads\/2020\/03\/disgners-disderot.jpg?resize=453%2C263&#038;ssl=1\" alt=\"Disderot... \u00a1dibujos olvidados devueltos a la vida!\" width=\"453\" height=\"263\" \/><\/a><\/p>\n<hr \/>\n<p><em><strong>Les collections phares<\/strong><\/em><\/p>\n<p>La collection Fleur pens\u00e9e par Olivier Mourgue est une gamme de lampadaires et appliques po\u00e9tiques, techniques et \u00e0 la fois modernes, avec un abat-jour au design de fleur qui rappelle les traits d\u2019un moulinet en papier.<br \/>\nUn design \u00e9pur\u00e9 et simple qui se fond dans tous les styles d\u00e9coratifs<\/p>\n<p><a href=\"https:\/\/www.nedgis.com\/q\/marque--disderot\/modele--2093-0\"><img data-recalc-dims=\"1\" loading=\"lazy\" decoding=\"async\" data-attachment-id=\"14943\" data-permalink=\"https:\/\/blog.nedgis.com\/es\/2020\/03\/29\/disderot-des-dessins-oublies-qui-revoient-le-jour\/mourgue\/\" data-orig-file=\"https:\/\/i0.wp.com\/blog.nedgis.com\/wp-content\/uploads\/2020\/03\/mourgue.jpg?fit=1954%2C1056&amp;ssl=1\" data-orig-size=\"1954,1056\" data-comments-opened=\"1\" data-image-meta=\"{&quot;aperture&quot;:&quot;0&quot;,&quot;credit&quot;:&quot;&quot;,&quot;camera&quot;:&quot;&quot;,&quot;caption&quot;:&quot;&quot;,&quot;created_timestamp&quot;:&quot;0&quot;,&quot;copyright&quot;:&quot;&quot;,&quot;focal_length&quot;:&quot;0&quot;,&quot;iso&quot;:&quot;0&quot;,&quot;shutter_speed&quot;:&quot;0&quot;,&quot;title&quot;:&quot;&quot;,&quot;orientation&quot;:&quot;1&quot;}\" data-image-title=\"Mourgue\" data-image-description=\"\" data-image-caption=\"\" data-large-file=\"https:\/\/i0.wp.com\/blog.nedgis.com\/wp-content\/uploads\/2020\/03\/mourgue.jpg?fit=1024%2C553&amp;ssl=1\" class=\"aligncenter wp-image-14943 size-full\" title=\"LAMPADAIRE, 2093, CHROME, \u00d825CM, H150CM - DISDEROT\" src=\"https:\/\/i0.wp.com\/blog.nedgis.com\/wp-content\/uploads\/2020\/03\/mourgue.jpg?resize=700%2C378&#038;ssl=1\" alt=\"LAMPADAIRE, 2093, CHROME, \u00d825CM, H150CM - DISDEROT\" width=\"700\" height=\"378\" \/><\/a><\/p>\n<p>&nbsp;<\/p>\n<p>Les luminaires de la collection Ren\u00e9-Jean Caillette, anc\u00eatres du spot, reposent sur le principe d\u2019un abat-jour conique pour une lumi\u00e8re concentr\u00e9e. Ce design permet d\u2019ajuster le r\u00e9flecteur et ainsi de diriger la lumi\u00e8re dans la direction que vous souhaitez. Une gamme d\u00e9clin\u00e9e en lampadaires, suspensions et appliques.<\/p>\n<p><a href=\"https:\/\/www.nedgis.com\/q\/marque--disderot\/designer--rene-jean-caillette\"><img data-recalc-dims=\"1\" loading=\"lazy\" decoding=\"async\" data-attachment-id=\"14927\" data-permalink=\"https:\/\/blog.nedgis.com\/es\/2020\/03\/29\/disderot-des-dessins-oublies-qui-revoient-le-jour\/caillette\/\" data-orig-file=\"https:\/\/i0.wp.com\/blog.nedgis.com\/wp-content\/uploads\/2020\/03\/caillette.jpg?fit=910%2C490&amp;ssl=1\" data-orig-size=\"910,490\" data-comments-opened=\"1\" data-image-meta=\"{&quot;aperture&quot;:&quot;0&quot;,&quot;credit&quot;:&quot;&quot;,&quot;camera&quot;:&quot;&quot;,&quot;caption&quot;:&quot;&quot;,&quot;created_timestamp&quot;:&quot;0&quot;,&quot;copyright&quot;:&quot;&quot;,&quot;focal_length&quot;:&quot;0&quot;,&quot;iso&quot;:&quot;0&quot;,&quot;shutter_speed&quot;:&quot;0&quot;,&quot;title&quot;:&quot;&quot;,&quot;orientation&quot;:&quot;0&quot;}\" data-image-title=\"Caillette\" data-image-description=\"\" data-image-caption=\"\" data-large-file=\"https:\/\/i0.wp.com\/blog.nedgis.com\/wp-content\/uploads\/2020\/03\/caillette.jpg?fit=910%2C490&amp;ssl=1\" class=\"aligncenter wp-image-14927 size-full\" title=\"LAMPADAIRE, B4, NOIR, LAITON, \u00d822CM, H150CM \/ SUSPENSION, B5, NOIR, \u00d817CM, H25CM - DISDEROT - DISDEROT\" src=\"https:\/\/i0.wp.com\/blog.nedgis.com\/wp-content\/uploads\/2020\/03\/caillette.jpg?resize=700%2C377&#038;ssl=1\" alt=\"LAMPADAIRE, B4, NOIR, LAITON, \u00d822CM, H150CM \/ SUSPENSION, B5, NOIR, \u00d817CM, H25CM - DISDEROT - DISDEROT\" width=\"700\" height=\"377\" \/><\/a><\/p>\n<p>&nbsp;<\/p>\n<p>Disponible en lampe \u00e0 poser et lampadaire, les luminaires de Joseph-Andr\u00e9 Motte sont enfin r\u00e9\u00e9dit\u00e9s par Disderot pour le plus grand bonheur des grands amateurs d\u2019art d\u00e9coratif. Inspir\u00e9e de lampions japonais, la gamme de luminaires po\u00e9tiques repr\u00e9sente le minimalisme m\u00eame gr\u00e2ce \u00e0 de d\u00e9licates courbes aux allures <a href=\"https:\/\/blog.nedgis.com\/es\/2018\/04\/29\/pour-une-decoration-zen-et-design-adoptez-le-style-japonais\/\"><span style=\"color:#333399;\">japonisantes<\/span><\/a> et diffuse une aura pure et apaisante.<\/p>\n<p><a href=\"https:\/\/www.nedgis.com\/q\/marque--disderot\/designer--joseph-andre-motte\"><img data-recalc-dims=\"1\" loading=\"lazy\" decoding=\"async\" data-attachment-id=\"14931\" data-permalink=\"https:\/\/blog.nedgis.com\/es\/2020\/03\/29\/disderot-des-dessins-oublies-qui-revoient-le-jour\/motte\/\" data-orig-file=\"https:\/\/i0.wp.com\/blog.nedgis.com\/wp-content\/uploads\/2020\/03\/motte.jpg?fit=910%2C490&amp;ssl=1\" data-orig-size=\"910,490\" data-comments-opened=\"1\" data-image-meta=\"{&quot;aperture&quot;:&quot;0&quot;,&quot;credit&quot;:&quot;&quot;,&quot;camera&quot;:&quot;&quot;,&quot;caption&quot;:&quot;&quot;,&quot;created_timestamp&quot;:&quot;0&quot;,&quot;copyright&quot;:&quot;&quot;,&quot;focal_length&quot;:&quot;0&quot;,&quot;iso&quot;:&quot;0&quot;,&quot;shutter_speed&quot;:&quot;0&quot;,&quot;title&quot;:&quot;&quot;,&quot;orientation&quot;:&quot;0&quot;}\" data-image-title=\"Motte\" data-image-description=\"\" data-image-caption=\"\" data-large-file=\"https:\/\/i0.wp.com\/blog.nedgis.com\/wp-content\/uploads\/2020\/03\/motte.jpg?fit=910%2C490&amp;ssl=1\" class=\"aligncenter wp-image-14931 size-full\" title=\"LAMPADAIRE, J14 GRAND MOD\u00c8LE, BLANC, CHROME, \u00d830CM, H185CM \/ LAMPE \u00c0 POSER, J13, NOIR ET BLANC, \u00d830CM, H45CM - DISDEROT - DISDEROT\" src=\"https:\/\/i0.wp.com\/blog.nedgis.com\/wp-content\/uploads\/2020\/03\/motte.jpg?resize=700%2C377&#038;ssl=1\" alt=\"LAMPADAIRE, J14 GRAND MOD\u00c8LE, BLANC, CHROME, \u00d830CM, H185CM \/ LAMPE \u00c0 POSER, J13, NOIR ET BLANC, \u00d830CM, H45CM - DISDEROT - DISDEROT\" width=\"700\" height=\"377\" \/><\/a><\/p>\n<p>&nbsp;<\/p>\n<p>Disderot prend \u00e9galement la d\u00e9cision d\u2019\u00e9diter certains designs du couple de cr\u00e9ateurs Abraham &amp; Rol. Dont AR65, un dessin original expos\u00e9 en 1965 au salon des artistes d\u00e9corateurs et qui n\u2019a encore jamais \u00e9t\u00e9 \u00e9dit\u00e9.<br \/>\nUne lampe \u00e0 poser, \u00e9galement disponible en suspension, qui joue sur la sym\u00e9trie et l\u2019\u00e9quilibre avec des tiges de rotin pour finalement cr\u00e9er un objet unique, inspir\u00e9 de lampions chinois et de lanternes occidentales.<\/p>\n<p><a href=\"https:\/\/www.nedgis.com\/products\/lampe-a-poser-ar65-rotin-o70cm-h96cm-disderot\"><img data-recalc-dims=\"1\" loading=\"lazy\" decoding=\"async\" data-attachment-id=\"14925\" data-permalink=\"https:\/\/blog.nedgis.com\/es\/2020\/03\/29\/disderot-des-dessins-oublies-qui-revoient-le-jour\/ar65-ima4-copie\/\" data-orig-file=\"https:\/\/i0.wp.com\/blog.nedgis.com\/wp-content\/uploads\/2020\/03\/ar65-ima4-copie.jpg?fit=640%2C640&amp;ssl=1\" data-orig-size=\"640,640\" data-comments-opened=\"1\" data-image-meta=\"{&quot;aperture&quot;:&quot;0&quot;,&quot;credit&quot;:&quot;&quot;,&quot;camera&quot;:&quot;&quot;,&quot;caption&quot;:&quot;&quot;,&quot;created_timestamp&quot;:&quot;0&quot;,&quot;copyright&quot;:&quot;&quot;,&quot;focal_length&quot;:&quot;0&quot;,&quot;iso&quot;:&quot;0&quot;,&quot;shutter_speed&quot;:&quot;0&quot;,&quot;title&quot;:&quot;&quot;,&quot;orientation&quot;:&quot;0&quot;}\" data-image-title=\"AR65-ima4 copie\" data-image-description=\"\" data-image-caption=\"\" data-large-file=\"https:\/\/i0.wp.com\/blog.nedgis.com\/wp-content\/uploads\/2020\/03\/ar65-ima4-copie.jpg?fit=640%2C640&amp;ssl=1\" class=\"aligncenter wp-image-14925 size-full\" title=\"LAMPE \u00c0 POSER, AR65, ROTIN, \u00d870CM, H96CM - DISDEROT\" src=\"https:\/\/i0.wp.com\/blog.nedgis.com\/wp-content\/uploads\/2020\/03\/ar65-ima4-copie.jpg?resize=640%2C640&#038;ssl=1\" alt=\"LAMPE \u00c0 POSER, AR65, ROTIN, \u00d870CM, H96CM - DISDEROT\" width=\"640\" height=\"640\" \/><\/a><\/p>\n<p>&nbsp;<\/p>\n<p>Les designs r\u00e9\u00e9dit\u00e9s, ou \u00e9dit\u00e9s pour la premi\u00e8re fois, par Disderot sont la preuve de la dimension intemporelle des designs des ann\u00e9es 50 \u00e0 70. La maison redonne vie \u00e0 des dessins oubli\u00e9s et pens\u00e9s par de grand designers, pr\u00e9curseurs de la lumi\u00e8re moderne et en avant sur leur temps.<\/p>\n<hr \/>\n<p class=\"translation-block\">Para obtener m\u00e1s informaci\u00f3n, no dude en <a href=\"https:\/\/www.nedgis.com\/es\/contacts\/new?is_pro=false\" target=\"_self\">ponerse en contacto con nosotros<\/a>.<\/p>","protected":false},"excerpt":{"rendered":"<p>Disderot, une maison fran\u00e7aise qui se consacre \u00e0 la r\u00e9\u00e9dition de luminaires des ann\u00e9es 50 \u00e0 70, initialement \u00e9dit\u00e9s par les Ateliers Disderot, et qui fait aujourd\u2019hui durer l\u2019esprit intemporel de la cr\u00e9ation fran\u00e7aise de ces ann\u00e9es. La petite histoire Tout commence avec Pierre Disderot, pionnier de la lumi\u00e8re moderne, n\u00e9 en 1920 \u00e0 Paris. [&hellip;]<\/p>\n","protected":false},"author":64499198,"featured_media":14926,"comment_status":"open","ping_status":"open","sticky":false,"template":"","format":"gallery","meta":{"_coblocks_attr":"","_coblocks_dimensions":"","_coblocks_responsive_height":"","_coblocks_accordion_ie_support":"","advanced_seo_description":"","jetpack_seo_html_title":"","jetpack_seo_noindex":false,"jetpack_seo_schema_type":"","_jetpack_newsletter_access":"","_jetpack_dont_email_post_to_subs":false,"_jetpack_newsletter_tier_id":0,"_jetpack_memberships_contains_paywalled_content":false,"_wpcom_ai_launchpad_first_post":false,"_jetpack_feature_clip_id":0,"_jetpack_memberships_contains_paid_content":false,"footnotes":"","jetpack_publicize_message":"Disderot\u2026 des dessins oubli\u00e9s qui revoient le jour !","jetpack_publicize_feature_enabled":true,"jetpack_social_post_already_shared":false,"jetpack_social_options":{"image_generator_settings":{"template":"highway","default_image_id":0,"font":"","enabled":false},"version":2},"_wpas_customize_per_network":false,"jetpack_post_was_ever_published":false},"categories":[4853833,1416314,350176,16718],"tags":[696099397,770270037,770270035,1085127,12080,696099385,32473641,25164112,14696044,126675802,34291434,47898673,3989903,10958400,78180058,833288,92974441,245442406,1245749,696099399,770270029],"class_list":["post-14924","post","type-post","status-publish","format-gallery","has-post-thumbnail","hentry","category-annees-50","category-annees-60","category-luminaire","category-vintage","tag-abraham-rol","tag-annees-50","tag-annees-60","tag-annees-70","tag-archives","tag-ateliers-disderot","tag-creation-francaise","tag-design-francais","tag-designer-francais","tag-disderot","tag-icone-du-design","tag-joseph-andre-motte","tag-made-in-france","tag-olivier-mourgue","tag-pierre-disderot","tag-reedition","tag-rene-jean-caillette","tag-roger-fatus","tag-soka","tag-soka-disderot","tag-vintage","post_format-post-format-gallery"],"jetpack_publicize_connections":[],"jetpack_likes_enabled":true,"jetpack_sharing_enabled":true,"jetpack_shortlink":"https:\/\/wp.me\/p4ySCb-3SI","jetpack-related-posts":[],"jetpack_featured_media_url":"https:\/\/i0.wp.com\/blog.nedgis.com\/wp-content\/uploads\/2020\/03\/ateliers-disderot.jpg?fit=453%2C313&ssl=1","_links":{"self":[{"href":"https:\/\/blog.nedgis.com\/es\/wp-json\/wp\/v2\/posts\/14924","targetHints":{"allow":["GET"]}}],"collection":[{"href":"https:\/\/blog.nedgis.com\/es\/wp-json\/wp\/v2\/posts"}],"about":[{"href":"https:\/\/blog.nedgis.com\/es\/wp-json\/wp\/v2\/types\/post"}],"author":[{"embeddable":true,"href":"https:\/\/blog.nedgis.com\/es\/wp-json\/wp\/v2\/users\/64499198"}],"replies":[{"embeddable":true,"href":"https:\/\/blog.nedgis.com\/es\/wp-json\/wp\/v2\/comments?post=14924"}],"version-history":[{"count":18,"href":"https:\/\/blog.nedgis.com\/es\/wp-json\/wp\/v2\/posts\/14924\/revisions"}],"predecessor-version":[{"id":14951,"href":"https:\/\/blog.nedgis.com\/es\/wp-json\/wp\/v2\/posts\/14924\/revisions\/14951"}],"wp:featuredmedia":[{"embeddable":true,"href":"https:\/\/blog.nedgis.com\/es\/wp-json\/wp\/v2\/media\/14926"}],"wp:attachment":[{"href":"https:\/\/blog.nedgis.com\/es\/wp-json\/wp\/v2\/media?parent=14924"}],"wp:term":[{"taxonomy":"category","embeddable":true,"href":"https:\/\/blog.nedgis.com\/es\/wp-json\/wp\/v2\/categories?post=14924"},{"taxonomy":"post_tag","embeddable":true,"href":"https:\/\/blog.nedgis.com\/es\/wp-json\/wp\/v2\/tags?post=14924"}],"curies":[{"name":"wp","href":"https:\/\/api.w.org\/{rel}","templated":true}]}}