{"id":13945,"date":"2019-12-01T18:00:10","date_gmt":"2019-12-01T16:00:10","guid":{"rendered":"http:\/\/blog.nedgis.com\/?p=13945"},"modified":"2019-12-05T11:24:05","modified_gmt":"2019-12-05T09:24:05","slug":"j-24-illuminez-votre-jardin-pour-noel","status":"publish","type":"post","link":"https:\/\/blog.nedgis.com\/es\/2019\/12\/01\/j-24-illuminez-votre-jardin-pour-noel\/","title":{"rendered":"D-24: \u00a1Ilumine su jard\u00edn por Navidad!"},"content":{"rendered":"<p>Ho ho ho !<\/p>\n<p><img data-recalc-dims=\"1\" loading=\"lazy\" decoding=\"async\" data-attachment-id=\"13961\" data-permalink=\"https:\/\/blog.nedgis.com\/es\/2019\/12\/01\/j-24-illuminez-votre-jardin-pour-noel\/calendrier1\/\" data-orig-file=\"https:\/\/i0.wp.com\/blog.nedgis.com\/wp-content\/uploads\/2019\/11\/calendrier1-2.jpg?fit=1000%2C1336&amp;ssl=1\" data-orig-size=\"1000,1336\" data-comments-opened=\"1\" data-image-meta=\"{&quot;aperture&quot;:&quot;0&quot;,&quot;credit&quot;:&quot;&quot;,&quot;camera&quot;:&quot;&quot;,&quot;caption&quot;:&quot;&quot;,&quot;created_timestamp&quot;:&quot;0&quot;,&quot;copyright&quot;:&quot;&quot;,&quot;focal_length&quot;:&quot;0&quot;,&quot;iso&quot;:&quot;0&quot;,&quot;shutter_speed&quot;:&quot;0&quot;,&quot;title&quot;:&quot;&quot;,&quot;orientation&quot;:&quot;1&quot;}\" data-image-title=\"calendrier1\" data-image-description=\"\" data-image-caption=\"\" data-large-file=\"https:\/\/i0.wp.com\/blog.nedgis.com\/wp-content\/uploads\/2019\/11\/calendrier1-2.jpg?fit=766%2C1024&amp;ssl=1\" class=\"alignnone wp-image-13961 size-full\" title=\"D-24: \u00a1Ilumine su jard\u00edn por Navidad!\" src=\"https:\/\/i0.wp.com\/blog.nedgis.com\/wp-content\/uploads\/2019\/11\/calendrier1-2.jpg?resize=1000%2C1336&#038;ssl=1\" alt=\"calendrier1\" width=\"1000\" height=\"1336\" \/><\/p>\n<p>C&rsquo;est bient\u00f4t No\u00ebl, et qui dit No\u00ebl dit calendrier de l&rsquo;Avent ! Pour cette \u00e9dition, nous allons vous aider \u00e0 d\u00e9corer votre chez-vous pour No\u00ebl. Chaque jour, nous proposerons de nouvelles inspirations pour chaque pi\u00e8ce et chaque recoin de votre maison !<\/p>\n<p>Nous allons donc commencer par le <span style=\"color:#333399;\"><a style=\"color:#333399;\" href=\"https:\/\/www.nedgis.com\/es\/q\/donde--su-jardin\">jard\u00edn<\/a>,<\/span> qu&rsquo;il soit \u00e0 la vue de tous, ou un peu plus intime&#8230; m\u00eame en p\u00e9riode de froid, il est important d&rsquo;illuminer son ext\u00e9rieur ! En effet, une petite lumi\u00e8re apporte un certain charme et une ambiance tr\u00e8s chaleureuse.<\/p>\n<p><img data-recalc-dims=\"1\" loading=\"lazy\" decoding=\"async\" data-attachment-id=\"14024\" data-permalink=\"https:\/\/blog.nedgis.com\/es\/2019\/12\/01\/j-24-illuminez-votre-jardin-pour-noel\/e5582114cbc36188f7053666b72b1a2f\/\" data-orig-file=\"https:\/\/i0.wp.com\/blog.nedgis.com\/wp-content\/uploads\/2019\/11\/e5582114cbc36188f7053666b72b1a2f-e1574766956980.jpg?fit=564%2C620&amp;ssl=1\" data-orig-size=\"564,620\" data-comments-opened=\"1\" data-image-meta=\"{&quot;aperture&quot;:&quot;0&quot;,&quot;credit&quot;:&quot;&quot;,&quot;camera&quot;:&quot;&quot;,&quot;caption&quot;:&quot;&quot;,&quot;created_timestamp&quot;:&quot;0&quot;,&quot;copyright&quot;:&quot;&quot;,&quot;focal_length&quot;:&quot;0&quot;,&quot;iso&quot;:&quot;0&quot;,&quot;shutter_speed&quot;:&quot;0&quot;,&quot;title&quot;:&quot;&quot;,&quot;orientation&quot;:&quot;0&quot;}\" data-image-title=\"e5582114cbc36188f7053666b72b1a2f\" data-image-description=\"\" data-image-caption=\"\" data-large-file=\"https:\/\/i0.wp.com\/blog.nedgis.com\/wp-content\/uploads\/2019\/11\/e5582114cbc36188f7053666b72b1a2f-e1574766956980.jpg?fit=564%2C620&amp;ssl=1\" class=\"aligncenter wp-image-14024 size-full\" title=\"D-24: \u00a1Ilumine su jard\u00edn por Navidad!\" src=\"https:\/\/i0.wp.com\/blog.nedgis.com\/wp-content\/uploads\/2019\/11\/e5582114cbc36188f7053666b72b1a2f-e1574766956980.jpg?resize=564%2C620&#038;ssl=1\" alt=\"PhotoJardinambiancenoel\" width=\"564\" height=\"620\" \/><\/p>\n<hr \/>\n<p>Lorsque nous pensons \u00e0 \u00e9clairer un jardin, nous pensons directement \u00e0 des baladeuses ! Les baladeuses sont assez pratiques car il n&rsquo;y a pas besoin de les brancher pendant toute leur utilisation. Elles poss\u00e8dent souvent un <span style=\"color:#333399;\"><a style=\"color:#333399;\" href=\"https:\/\/www.nedgis.com\/q\/quelle-option--ip-44-et-plus\">IP sup\u00e9rieur \u00e0 44<\/a>,<\/span> elles ne vont donc pas craindre le froid hivernal ! (Si vous avez un doute sur les <a href=\"https:\/\/blog.nedgis.com\/es\/2018\/06\/03\/todo-lo-que-hay-que-saber-sobre-las-normas-de-las-lamparas-de-exterior-y-de-cuartos-de-bano\/\"><span style=\"color:#333399;\">indices de protection, referez-vous \u00e0 notre pr\u00e9c\u00e9dent article<\/span><\/a>.)<\/p>\n<p><a href=\"https:\/\/www.nedgis.com\/products\/lampe-a-poser-chou-mpa-blanc-ivoire-led-h40cm-o21-5cm-lzf\"><img data-recalc-dims=\"1\" loading=\"lazy\" decoding=\"async\" data-attachment-id=\"13957\" data-permalink=\"https:\/\/blog.nedgis.com\/es\/2019\/12\/01\/j-24-illuminez-votre-jardin-pour-noel\/lzf-wood-lamps-minichou-1\/\" data-orig-file=\"https:\/\/i0.wp.com\/blog.nedgis.com\/wp-content\/uploads\/2019\/11\/lzf-wood-lamps-minichou-1.jpg?fit=1000%2C660&amp;ssl=1\" data-orig-size=\"1000,660\" data-comments-opened=\"1\" data-image-meta=\"{&quot;aperture&quot;:&quot;0&quot;,&quot;credit&quot;:&quot;&quot;,&quot;camera&quot;:&quot;&quot;,&quot;caption&quot;:&quot;&quot;,&quot;created_timestamp&quot;:&quot;0&quot;,&quot;copyright&quot;:&quot;&quot;,&quot;focal_length&quot;:&quot;0&quot;,&quot;iso&quot;:&quot;0&quot;,&quot;shutter_speed&quot;:&quot;0&quot;,&quot;title&quot;:&quot;&quot;,&quot;orientation&quot;:&quot;1&quot;}\" data-image-title=\"lzf-wood-lamps-minichou-1\" data-image-description=\"\" data-image-caption=\"\" data-large-file=\"https:\/\/i0.wp.com\/blog.nedgis.com\/wp-content\/uploads\/2019\/11\/lzf-wood-lamps-minichou-1.jpg?fit=1000%2C660&amp;ssl=1\" class=\"alignnone wp-image-13957 size-full\" title=\"D-24: \u00a1Ilumine su jard\u00edn por Navidad!\" src=\"https:\/\/i0.wp.com\/blog.nedgis.com\/wp-content\/uploads\/2019\/11\/lzf-wood-lamps-minichou-1.jpg?resize=1000%2C660&#038;ssl=1\" alt=\"LAMPE \u00c0 POSER, CHOU MPA, BLANC IVOIRE, LED, H40CM, \u00d821,5CM - LZF\" width=\"1000\" height=\"660\" \/><\/a><\/p>\n<p>La colecci\u00f3n <a href=\"https:\/\/www.nedgis.com\/q\/marque--lzf\/modele--chou\"><span style=\"color:#333399;\">Chou<\/span><\/a> de chez LZF est compos\u00e9e de baladeuse en bois ! La lumi\u00e8re est diffus\u00e9e \u00e0 travers les stries du <span style=\"color:#333399;\"><a style=\"color:#333399;\" href=\"https:\/\/www.nedgis.com\/q\/quelle-matiere--bois\">madera<\/a>,<\/span> chaque luminaire est donc unique. Sur une table ou m\u00eame entre les plantes, cette baladeuse apporte de l&rsquo;\u00e9l\u00e9gance \u00e0 votre ext\u00e9rieur !<\/p>\n<p><a href=\"https:\/\/www.nedgis.com\/products\/luminaire-connecte-eye-speaker-bois-blanc-led-l23-9cm-h28-2cm-mooni\"><img data-recalc-dims=\"1\" loading=\"lazy\" decoding=\"async\" data-attachment-id=\"13958\" data-permalink=\"https:\/\/blog.nedgis.com\/es\/2019\/12\/01\/j-24-illuminez-votre-jardin-pour-noel\/s723499974204229652_p224_i58_w1280\/\" data-orig-file=\"https:\/\/i0.wp.com\/blog.nedgis.com\/wp-content\/uploads\/2019\/11\/s723499974204229652_p224_i58_w1280.png?fit=1280%2C853&amp;ssl=1\" data-orig-size=\"1280,853\" data-comments-opened=\"1\" data-image-meta=\"{&quot;aperture&quot;:&quot;0&quot;,&quot;credit&quot;:&quot;&quot;,&quot;camera&quot;:&quot;&quot;,&quot;caption&quot;:&quot;&quot;,&quot;created_timestamp&quot;:&quot;0&quot;,&quot;copyright&quot;:&quot;&quot;,&quot;focal_length&quot;:&quot;0&quot;,&quot;iso&quot;:&quot;0&quot;,&quot;shutter_speed&quot;:&quot;0&quot;,&quot;title&quot;:&quot;&quot;,&quot;orientation&quot;:&quot;0&quot;}\" data-image-title=\"s723499974204229652_p224_i58_w1280\" data-image-description=\"\" data-image-caption=\"\" data-large-file=\"https:\/\/i0.wp.com\/blog.nedgis.com\/wp-content\/uploads\/2019\/11\/s723499974204229652_p224_i58_w1280.png?fit=1024%2C682&amp;ssl=1\" class=\"alignnone wp-image-13958 size-full\" title=\"D-24: \u00a1Ilumine su jard\u00edn por Navidad!\" src=\"https:\/\/i0.wp.com\/blog.nedgis.com\/wp-content\/uploads\/2019\/11\/s723499974204229652_p224_i58_w1280.png?resize=1280%2C853&#038;ssl=1\" alt=\"LUMINAIRE CONNECT\u00c9, EYE SPEAKER, BOIS, BLANC, LED, L23,9CM, H28,2CM - MOONI\" width=\"1280\" height=\"853\" \/><\/a><\/p>\n<p>El caminante <a href=\"https:\/\/www.nedgis.com\/products\/luminaire-connecte-eye-speaker-bois-blanc-led-l23-9cm-h28-2cm-mooni\"><span style=\"color:#333399;\">Eye Speaker<\/span><\/a> fait \u00e9galement office d&rsquo;enceinte&#8230; plut\u00f4t utile que ce soit pour les chants de No\u00ebl ou pour les soir\u00e9es un peu plus mouvement\u00e9es ! Elle est \u00e9galement dimmable et change de couleur.<\/p>\n<p><a href=\"https:\/\/www.nedgis.com\/products\/lampadaire-d-exterieur-mini-mini-cuivre-vert-de-gris-h150cm-led-zava\"><img data-recalc-dims=\"1\" loading=\"lazy\" decoding=\"async\" data-attachment-id=\"13959\" data-permalink=\"https:\/\/blog.nedgis.com\/es\/2019\/12\/01\/j-24-illuminez-votre-jardin-pour-noel\/b_led-floor-lamp-zava-293399-reled5efff4\/\" data-orig-file=\"https:\/\/i0.wp.com\/blog.nedgis.com\/wp-content\/uploads\/2019\/11\/b_led-floor-lamp-zava-293399-reled5efff4.jpg?fit=840%2C630&amp;ssl=1\" data-orig-size=\"840,630\" data-comments-opened=\"1\" data-image-meta=\"{&quot;aperture&quot;:&quot;0&quot;,&quot;credit&quot;:&quot;&quot;,&quot;camera&quot;:&quot;&quot;,&quot;caption&quot;:&quot;&quot;,&quot;created_timestamp&quot;:&quot;0&quot;,&quot;copyright&quot;:&quot;&quot;,&quot;focal_length&quot;:&quot;0&quot;,&quot;iso&quot;:&quot;0&quot;,&quot;shutter_speed&quot;:&quot;0&quot;,&quot;title&quot;:&quot;&quot;,&quot;orientation&quot;:&quot;0&quot;}\" data-image-title=\"b_led-floor-lamp-zava-293399-reled5efff4\" data-image-description=\"\" data-image-caption=\"\" data-large-file=\"https:\/\/i0.wp.com\/blog.nedgis.com\/wp-content\/uploads\/2019\/11\/b_led-floor-lamp-zava-293399-reled5efff4.jpg?fit=840%2C630&amp;ssl=1\" class=\"alignnone wp-image-13959 size-full\" title=\"D-24: \u00a1Ilumine su jard\u00edn por Navidad!\" src=\"https:\/\/i0.wp.com\/blog.nedgis.com\/wp-content\/uploads\/2019\/11\/b_led-floor-lamp-zava-293399-reled5efff4.jpg?resize=840%2C630&#038;ssl=1\" alt=\"LAMPADAIRE D'EXT\u00c9RIEUR, MINI MINI, CUIVRE, VERT DE GRIS, H150CM, L24CM, IP55 - LED, 2700K, 85LM - ZAVA\" width=\"840\" height=\"630\" \/><\/a><\/p>\n<p>Les lampadaires <span style=\"color:#333399;\"><a style=\"color:#333399;\" href=\"https:\/\/www.nedgis.com\/products\/copy-of-lampadaire-d-exterieur-mini-mini-laiton-h150cm-ip55-led-zava-copy-of-zava_mini_mini_h150cm_outdoor_ottone_brass\">Mini Mini<\/a><\/span> en laiton de chez Zava sont id\u00e9aux pour une d\u00e9coration subtile et magique \u00e0 la fois&#8230; Gr\u00e2ce \u00e0 sa structure tr\u00e8s fine, ce lampadaire parait tr\u00e8s l\u00e9ger, la LED nous fait penser \u00e0 une luciole ! Vous pouvez retrouver quelques conseils pour un <span style=\"color:#333399;\"><a style=\"color:#333399;\" href=\"https:\/\/blog.nedgis.com\/es\/2016\/08\/15\/comment-bien-choisir-un-lampadaire-dexterieur\/\">lampadaire ext\u00e9rieur<\/a><\/span> sur notre blog.<\/p>\n<p>Et lorsqu&rsquo;on pense aux d\u00e9corations de No\u00ebl, on pense bien s\u00fbr aux <span style=\"color:#333399;\"><a style=\"color:#333399;\" href=\"https:\/\/www.nedgis.com\/q\/envie-de-quoi--guirlande-lumineuse\">guirlandes<\/a><\/span> qui ornent toute notre maison !<\/p>\n<p><a href=\"https:\/\/www.nedgis.com\/products\/guirlande-lumineuse-function-noir-l8-4m-led-house-doctor\"><img data-recalc-dims=\"1\" loading=\"lazy\" decoding=\"async\" data-attachment-id=\"13960\" data-permalink=\"https:\/\/blog.nedgis.com\/es\/2019\/12\/01\/j-24-illuminez-votre-jardin-pour-noel\/guirlande-guinguette-house-doctor-chiara-stella-home-6\/\" data-orig-file=\"https:\/\/i0.wp.com\/blog.nedgis.com\/wp-content\/uploads\/2019\/11\/guirlande-guinguette-house-doctor-chiara-stella-home-6.jpg?fit=1223%2C1223&amp;ssl=1\" data-orig-size=\"1223,1223\" data-comments-opened=\"1\" data-image-meta=\"{&quot;aperture&quot;:&quot;0&quot;,&quot;credit&quot;:&quot;&quot;,&quot;camera&quot;:&quot;&quot;,&quot;caption&quot;:&quot;&quot;,&quot;created_timestamp&quot;:&quot;0&quot;,&quot;copyright&quot;:&quot;&quot;,&quot;focal_length&quot;:&quot;0&quot;,&quot;iso&quot;:&quot;0&quot;,&quot;shutter_speed&quot;:&quot;0&quot;,&quot;title&quot;:&quot;&quot;,&quot;orientation&quot;:&quot;0&quot;}\" data-image-title=\"guirlande-guinguette-house-doctor-chiara-stella-home-6\" data-image-description=\"\" data-image-caption=\"\" data-large-file=\"https:\/\/i0.wp.com\/blog.nedgis.com\/wp-content\/uploads\/2019\/11\/guirlande-guinguette-house-doctor-chiara-stella-home-6.jpg?fit=1024%2C1024&amp;ssl=1\" class=\"alignnone wp-image-13960 size-full\" title=\"D-24: \u00a1Ilumine su jard\u00edn por Navidad!\" src=\"https:\/\/i0.wp.com\/blog.nedgis.com\/wp-content\/uploads\/2019\/11\/guirlande-guinguette-house-doctor-chiara-stella-home-6.jpg?resize=1223%2C1223&#038;ssl=1\" alt=\"GUIRLANDE LUMINEUSE, FUNCTION, NOIR, L8,4M, LED - HOUSE DOCTOR\" width=\"1223\" height=\"1223\" \/><\/a><\/p>\n<p><a href=\"https:\/\/www.nedgis.com\/products\/guirlande-lumineuse-function-noir-l8-4m-led-house-doctor\"><img data-recalc-dims=\"1\" loading=\"lazy\" decoding=\"async\" data-attachment-id=\"13964\" data-permalink=\"https:\/\/blog.nedgis.com\/es\/2019\/12\/01\/j-24-illuminez-votre-jardin-pour-noel\/function_house-doctor-studio_guirlande-lumineuse-light-string-_house-doctor_gd0131__design_signed-32725-product\/\" data-orig-file=\"https:\/\/i0.wp.com\/blog.nedgis.com\/wp-content\/uploads\/2019\/11\/function_house-doctor-studio_guirlande-lumineuse-light-string-_house-doctor_gd0131__design_signed-32725-product.jpg?fit=774%2C705&amp;ssl=1\" data-orig-size=\"774,705\" data-comments-opened=\"1\" data-image-meta=\"{&quot;aperture&quot;:&quot;0&quot;,&quot;credit&quot;:&quot;&quot;,&quot;camera&quot;:&quot;&quot;,&quot;caption&quot;:&quot;&quot;,&quot;created_timestamp&quot;:&quot;0&quot;,&quot;copyright&quot;:&quot;&quot;,&quot;focal_length&quot;:&quot;0&quot;,&quot;iso&quot;:&quot;0&quot;,&quot;shutter_speed&quot;:&quot;0&quot;,&quot;title&quot;:&quot;&quot;,&quot;orientation&quot;:&quot;0&quot;}\" data-image-title=\"function_house-doctor-studio_guirlande-lumineuse-light-string-_house-doctor_gd0131__design_signed-32725-product\" data-image-description=\"\" data-image-caption=\"\" data-large-file=\"https:\/\/i0.wp.com\/blog.nedgis.com\/wp-content\/uploads\/2019\/11\/function_house-doctor-studio_guirlande-lumineuse-light-string-_house-doctor_gd0131__design_signed-32725-product.jpg?fit=774%2C705&amp;ssl=1\" class=\"alignnone wp-image-13964 size-full\" title=\"D-24: \u00a1Ilumine su jard\u00edn por Navidad!\" src=\"https:\/\/i0.wp.com\/blog.nedgis.com\/wp-content\/uploads\/2019\/11\/function_house-doctor-studio_guirlande-lumineuse-light-string-_house-doctor_gd0131__design_signed-32725-product.jpg?resize=774%2C705&#038;ssl=1\" alt=\"GUIRLANDE LUMINEUSE, FUNCTION, NOIR, L8,4M, LED - HOUSE DOCTOR(2)\" width=\"774\" height=\"705\" \/><\/a><\/p>\n<p>Cette grande guirlande de 8m4 de chez House Doctor s&rsquo;appelle \u00a0\u00bb <span style=\"color:#333399;\"><a style=\"color:#333399;\" href=\"https:\/\/www.nedgis.com\/products\/guirlande-lumineuse-function-noir-l8-4m-led-house-doctor\">Function<\/a> \u00ab\u00a0<\/span>, et comme son petit nom l&rsquo;indique, elle est tr\u00e8s fonctionnelle ! Au-dessus du toit, sur les murs, cette guirlande peut se faufiler un peu partout dans votre jardin !<\/p>\n<p>Nous vous retrouvons demain !<\/p>\n<hr \/>\n<p>Vous pouvez \u00e9galement retrouver le Calendrier de l&rsquo;Avent de <span style=\"color:#333399;\"><a style=\"color:#333399;\" href=\"https:\/\/blog.nedgis.com\/es\/2017\/12\/01\/j-24-lincontournable-collection-miffy-pour-un-noel-illumine\/\">l&rsquo;ann\u00e9e derni\u00e8re<\/a><\/span> sur notre blog.<\/p>\n<hr \/>\n<p>Para m\u00e1s informaci\u00f3n,\u00a0<span style=\"color:#333399;\"><a style=\"color:#333399;\" href=\"https:\/\/www.nedgis.com\/contacts\/new?is_pro=true\">n\u2019h\u00e9sitez pas \u00e0 nous contacter<\/a><\/span>.<\/p>","protected":false},"excerpt":{"rendered":"<p>Ho ho ho ! C&rsquo;est bient\u00f4t No\u00ebl, et qui dit No\u00ebl dit calendrier de l&rsquo;Avent ! Pour cette \u00e9dition, nous allons vous aider \u00e0 d\u00e9corer votre chez-vous pour No\u00ebl. Chaque jour, nous proposerons de nouvelles inspirations pour chaque pi\u00e8ce et chaque recoin de votre maison ! Nous allons donc commencer par le jardin, qu&rsquo;il soit [&hellip;]<\/p>\n","protected":false},"author":64499198,"featured_media":14300,"comment_status":"open","ping_status":"open","sticky":false,"template":"","format":"gallery","meta":{"_coblocks_attr":"","_coblocks_dimensions":"","_coblocks_responsive_height":"","_coblocks_accordion_ie_support":"","advanced_seo_description":"","jetpack_seo_html_title":"","jetpack_seo_noindex":false,"jetpack_seo_schema_type":"","_jetpack_newsletter_access":"","_jetpack_dont_email_post_to_subs":false,"_jetpack_newsletter_tier_id":0,"_jetpack_memberships_contains_paywalled_content":false,"_wpcom_ai_launchpad_first_post":false,"_jetpack_feature_clip_id":0,"_jetpack_memberships_contains_paid_content":false,"footnotes":"","jetpack_publicize_message":"J-24 : Illuminez votre jardin pour No\u00ebl !","jetpack_publicize_feature_enabled":true,"jetpack_social_post_already_shared":false,"jetpack_social_options":{"image_generator_settings":{"template":"highway","default_image_id":0,"font":"","enabled":false},"version":2},"_wpas_customize_per_network":false,"jetpack_post_was_ever_published":false},"categories":[7082768,230518817,350176],"tags":[39283852,109792300,690508437,22937738,20373578,472806],"class_list":["post-13945","post","type-post","status-publish","format-gallery","has-post-thumbnail","hentry","category-conseils-deco","category-lampe-de-jardin-outdoor","category-luminaire","tag-eclairage-exterieur","tag-eclairage-jardin","tag-eclairage-noel-exterieur","tag-baladeuse","tag-lampe-de-jardin","tag-noel","post_format-post-format-gallery"],"jetpack_publicize_connections":[],"jetpack_likes_enabled":true,"jetpack_sharing_enabled":true,"jetpack_shortlink":"https:\/\/wp.me\/p4ySCb-3CV","jetpack-related-posts":[],"jetpack_featured_media_url":"https:\/\/i0.wp.com\/blog.nedgis.com\/wp-content\/uploads\/2019\/12\/function_house-doctor-studio_guirlande-lumineuse-light-string-_house-doctor_gd0131__design_signed-61525-product.jpg?fit=774%2C705&ssl=1","_links":{"self":[{"href":"https:\/\/blog.nedgis.com\/es\/wp-json\/wp\/v2\/posts\/13945","targetHints":{"allow":["GET"]}}],"collection":[{"href":"https:\/\/blog.nedgis.com\/es\/wp-json\/wp\/v2\/posts"}],"about":[{"href":"https:\/\/blog.nedgis.com\/es\/wp-json\/wp\/v2\/types\/post"}],"author":[{"embeddable":true,"href":"https:\/\/blog.nedgis.com\/es\/wp-json\/wp\/v2\/users\/64499198"}],"replies":[{"embeddable":true,"href":"https:\/\/blog.nedgis.com\/es\/wp-json\/wp\/v2\/comments?post=13945"}],"version-history":[{"count":15,"href":"https:\/\/blog.nedgis.com\/es\/wp-json\/wp\/v2\/posts\/13945\/revisions"}],"predecessor-version":[{"id":14075,"href":"https:\/\/blog.nedgis.com\/es\/wp-json\/wp\/v2\/posts\/13945\/revisions\/14075"}],"wp:featuredmedia":[{"embeddable":true,"href":"https:\/\/blog.nedgis.com\/es\/wp-json\/wp\/v2\/media\/14300"}],"wp:attachment":[{"href":"https:\/\/blog.nedgis.com\/es\/wp-json\/wp\/v2\/media?parent=13945"}],"wp:term":[{"taxonomy":"category","embeddable":true,"href":"https:\/\/blog.nedgis.com\/es\/wp-json\/wp\/v2\/categories?post=13945"},{"taxonomy":"post_tag","embeddable":true,"href":"https:\/\/blog.nedgis.com\/es\/wp-json\/wp\/v2\/tags?post=13945"}],"curies":[{"name":"wp","href":"https:\/\/api.w.org\/{rel}","templated":true}]}}