{"id":12679,"date":"2019-06-02T11:00:40","date_gmt":"2019-06-02T09:00:40","guid":{"rendered":"http:\/\/blog.nedgis.com\/?p=12679"},"modified":"2019-05-10T17:24:04","modified_gmt":"2019-05-10T15:24:04","slug":"weverducre-des-luminaires-classiques-et-deco-directement-de-belgique-avec-amour","status":"publish","type":"post","link":"https:\/\/blog.nedgis.com\/es\/2019\/06\/02\/weverducre-des-luminaires-classiques-et-deco-directement-de-belgique-avec-amour\/","title":{"rendered":"Wever&amp;Ducr\u00e9: iluminaci\u00f3n cl\u00e1sica y decorativa, \u00a1procedente de B\u00e9lgica!"},"content":{"rendered":"<p>Depuis le d\u00e9but des ann\u00e9es 1980, la maison d\u2019\u00e9dition <span style=\"color:#333399;\"><a style=\"color:#333399;\" href=\"https:\/\/www.nedgis.com\/brands\/wever-ducre\">Wever &amp; Ducr\u00e9 <\/a><\/span>est l\u2019une des plus renomm\u00e9es du luminaire. L\u2019histoire commence \u00e0 l\u2019arriv\u00e9e de jeunes belges qui d\u00e9cident de cr\u00e9er leur propre entreprise o\u00f9 ils proposent des luminaires de haute qualit\u00e9 et tr\u00e8s design.<a href=\"https:\/\/www.nedgis.com\/brands\/wever-ducre\"><img data-recalc-dims=\"1\" loading=\"lazy\" decoding=\"async\" data-attachment-id=\"12680\" data-permalink=\"https:\/\/blog.nedgis.com\/es\/2019\/06\/02\/weverducre-des-luminaires-classiques-et-deco-directement-de-belgique-avec-amour\/wever-ducre-logo\/\" data-orig-file=\"https:\/\/i0.wp.com\/blog.nedgis.com\/wp-content\/uploads\/2019\/05\/wever-ducre-logo-e1557409896115.jpg?fit=250%2C169&amp;ssl=1\" data-orig-size=\"250,169\" data-comments-opened=\"1\" data-image-meta=\"{&quot;aperture&quot;:&quot;0&quot;,&quot;credit&quot;:&quot;&quot;,&quot;camera&quot;:&quot;&quot;,&quot;caption&quot;:&quot;&quot;,&quot;created_timestamp&quot;:&quot;0&quot;,&quot;copyright&quot;:&quot;&quot;,&quot;focal_length&quot;:&quot;0&quot;,&quot;iso&quot;:&quot;0&quot;,&quot;shutter_speed&quot;:&quot;0&quot;,&quot;title&quot;:&quot;&quot;,&quot;orientation&quot;:&quot;1&quot;}\" data-image-title=\"Wever &amp;amp; Ducr\u00e9 : Des luminaires classiques et d\u00e9co directement de Belgique avec amour !\" data-image-description=\"\" data-image-caption=\"\" data-large-file=\"https:\/\/i0.wp.com\/blog.nedgis.com\/wp-content\/uploads\/2019\/05\/wever-ducre-logo-e1557409896115.jpg?fit=250%2C169&amp;ssl=1\" class=\"aligncenter wp-image-12680\" title=\"Wever &amp; Ducr\u00e9 : Des luminaires classiques et d\u00e9co directement de Belgique avec amour !\" src=\"https:\/\/i0.wp.com\/blog.nedgis.com\/wp-content\/uploads\/2019\/05\/wever-ducre-logo.jpg?resize=315%2C315&#038;ssl=1\" alt=\"Wever &amp; Ducr\u00e9 : Des luminaires classiques et d\u00e9co directement de Belgique avec amour !\" width=\"315\" height=\"315\" \/><\/a>Mais pourquoi ce nom\u00a0?<\/p>\n<p>C&rsquo;est un probl\u00e8me en Belgique, car elle a plusieurs langues officielles, dont le flamand et le fran\u00e7ais. Les fondateurs de l&rsquo;entreprise ne voulaient pas choisir l&rsquo;un ou l&rsquo;autre, il ne restait donc qu&rsquo;une seule option : Le nom devait correspondre phon\u00e9tiquement aux deux mondes. Au cours de leurs discussions sur le sujet, les jeunes entrepreneurs se sont ensuite pench\u00e9s sur un document qui allait jouer un r\u00f4le d\u00e9cisif dans l&rsquo;histoire de l&rsquo;entreprise : une feuille de route qui expliquait en cinq points comment r\u00e9ussir dans la vie &#8211; par le travail (<strong>WE<\/strong>rklust), la confiance (<strong>VER<\/strong>trouwen), l&rsquo;enthousiasme (<strong>EN<\/strong>thousiasme) et le courage (<strong>DU<\/strong>rf) et la dose n\u00e9cessaire de cr\u00e9ativit\u00e9 (<strong>CRE<\/strong>ativiteit).<\/p>\n<p>Et voil\u00e0 un nom pour l\u2019entreprise qui fait bien ressortir l\u2019ADN et la philosophie de l\u2019entreprise\u2026<\/p>\n<p>Ainsi, chacune de ses cr\u00e9ations est livr\u00e9e directement de son entrep\u00f4t &#8211; directement de Belgique avec amour !<\/p>\n<p><a href=\"https:\/\/www.nedgis.com\/products\/applique-murale-venn-1-0-blanc-led-l72-4cm-h72-4cm-wever-ducre\"><img data-recalc-dims=\"1\" loading=\"lazy\" decoding=\"async\" data-attachment-id=\"12681\" data-permalink=\"https:\/\/blog.nedgis.com\/es\/2019\/06\/02\/weverducre-des-luminaires-classiques-et-deco-directement-de-belgique-avec-amour\/applique-murale-et-plafonnier-venn-1-0-blanc-led-2500lm-l724cm-h724cm-weverducre\/\" data-orig-file=\"https:\/\/i0.wp.com\/blog.nedgis.com\/wp-content\/uploads\/2019\/05\/applique-murale-et-plafonnier-venn-1.0-blanc-led-2500lm-l724cm-h724cm-weverducrc3a9.png?fit=702%2C345&amp;ssl=1\" data-orig-size=\"702,345\" data-comments-opened=\"1\" data-image-meta=\"{&quot;aperture&quot;:&quot;0&quot;,&quot;credit&quot;:&quot;&quot;,&quot;camera&quot;:&quot;&quot;,&quot;caption&quot;:&quot;&quot;,&quot;created_timestamp&quot;:&quot;0&quot;,&quot;copyright&quot;:&quot;&quot;,&quot;focal_length&quot;:&quot;0&quot;,&quot;iso&quot;:&quot;0&quot;,&quot;shutter_speed&quot;:&quot;0&quot;,&quot;title&quot;:&quot;&quot;,&quot;orientation&quot;:&quot;0&quot;}\" data-image-title=\"Applique murale et plafonnier, Venn 1.0, blanc, LED, 2500lm, L72,4cm, H72,4cm &amp;#8211; Wever&amp;amp;Ducr\u00e9\" data-image-description=\"\" data-image-caption=\"\" data-large-file=\"https:\/\/i0.wp.com\/blog.nedgis.com\/wp-content\/uploads\/2019\/05\/applique-murale-et-plafonnier-venn-1.0-blanc-led-2500lm-l724cm-h724cm-weverducrc3a9.png?fit=702%2C345&amp;ssl=1\" class=\"aligncenter wp-image-12681 size-full\" title=\"Applique murale et plafonnier, Venn 1.0, blanc, LED, 2500lm, L72,4cm, H72,4cm - Wever&amp;amp;Ducr\u00e9\" src=\"https:\/\/i0.wp.com\/blog.nedgis.com\/wp-content\/uploads\/2019\/05\/applique-murale-et-plafonnier-venn-1.0-blanc-led-2500lm-l724cm-h724cm-weverducrc3a9.png?resize=700%2C344&#038;ssl=1\" alt=\"Wever &amp; Ducr\u00e9 : Des luminaires classiques et d\u00e9co directement de Belgique avec amour !\" width=\"700\" height=\"344\" \/><\/a>Cette marque belge affirme et propose deux univers de marque :<\/p>\n<p>Un esprit classique\u00a0:<\/p>\n<p>Des luminaires chics, discrets et raffin\u00e9s qui se fondent \u00e0 merveille dans tous les int\u00e9rieurs et toutes les pi\u00e8ces. C\u2019est le cas notamment pour les appliques, spots et suspensions que propose la maison.<\/p>\n<p>Comme son nom l\u2019indique, la collection <span style=\"color:#333399;\"><a style=\"color:#333399;\" href=\"https:\/\/www.nedgis.com\/q\/marque--wever-ducre\/modele--hexo\">Hexo<\/a><\/span> est en forme hexagonale, apportant une ambiance chaleureuse et soign\u00e9e. Elle est tr\u00e8s fonctionnelle et diffuse ainsi une lumi\u00e8re directe et douce. D\u00e9couvrons ces cr\u00e9ations en image\u2026<\/p>\n<p><a href=\"https:\/\/www.nedgis.com\/products\/copy-of-plafonnier-hexo-noir-o12-7cm-wever-ducre\"><img data-recalc-dims=\"1\" loading=\"lazy\" decoding=\"async\" data-attachment-id=\"12682\" data-permalink=\"https:\/\/blog.nedgis.com\/es\/2019\/06\/02\/weverducre-des-luminaires-classiques-et-deco-directement-de-belgique-avec-amour\/plafonnier-hexo-noir-o127cm-wever-ducre\/\" data-orig-file=\"https:\/\/i0.wp.com\/blog.nedgis.com\/wp-content\/uploads\/2019\/05\/plafonnier-hexo-noir-c398127cm-wever-ducre.jpg?fit=774%2C705&amp;ssl=1\" data-orig-size=\"774,705\" data-comments-opened=\"1\" data-image-meta=\"{&quot;aperture&quot;:&quot;0&quot;,&quot;credit&quot;:&quot;&quot;,&quot;camera&quot;:&quot;&quot;,&quot;caption&quot;:&quot;&quot;,&quot;created_timestamp&quot;:&quot;0&quot;,&quot;copyright&quot;:&quot;&quot;,&quot;focal_length&quot;:&quot;0&quot;,&quot;iso&quot;:&quot;0&quot;,&quot;shutter_speed&quot;:&quot;0&quot;,&quot;title&quot;:&quot;&quot;,&quot;orientation&quot;:&quot;0&quot;}\" data-image-title=\"Plafonnier, Hexo, noir, \u00d812,7cm &amp;#8211; Wever-Ducre\" data-image-description=\"\" data-image-caption=\"\" data-large-file=\"https:\/\/i0.wp.com\/blog.nedgis.com\/wp-content\/uploads\/2019\/05\/plafonnier-hexo-noir-c398127cm-wever-ducre.jpg?fit=774%2C705&amp;ssl=1\" class=\"aligncenter wp-image-12682 size-full\" title=\"Plafonnier, Hexo, noir, \u00d812,7cm - Wever-Ducre\" src=\"https:\/\/i0.wp.com\/blog.nedgis.com\/wp-content\/uploads\/2019\/05\/plafonnier-hexo-noir-c398127cm-wever-ducre.jpg?resize=700%2C638&#038;ssl=1\" alt=\"Wever &amp; Ducr\u00e9 : Des luminaires classiques et d\u00e9co directement de Belgique avec amour !\" width=\"700\" height=\"638\" \/><\/a><\/p>\n<p><a href=\"https:\/\/www.nedgis.com\/products\/applique-murale-hexo-noir-h20cm-wever-et-ducre\"><img data-recalc-dims=\"1\" loading=\"lazy\" decoding=\"async\" data-attachment-id=\"12683\" data-permalink=\"https:\/\/blog.nedgis.com\/es\/2019\/06\/02\/weverducre-des-luminaires-classiques-et-deco-directement-de-belgique-avec-amour\/applique-murale-hexo-mini-2-0-noir-h20cm-o77cm-weverducre\/\" data-orig-file=\"https:\/\/i0.wp.com\/blog.nedgis.com\/wp-content\/uploads\/2019\/05\/applique-murale-hexo-mini-2.0-noir-h20cm-c39877cm-weverducrc3a9.jpg?fit=774%2C705&amp;ssl=1\" data-orig-size=\"774,705\" data-comments-opened=\"1\" data-image-meta=\"{&quot;aperture&quot;:&quot;0&quot;,&quot;credit&quot;:&quot;&quot;,&quot;camera&quot;:&quot;&quot;,&quot;caption&quot;:&quot;&quot;,&quot;created_timestamp&quot;:&quot;0&quot;,&quot;copyright&quot;:&quot;&quot;,&quot;focal_length&quot;:&quot;0&quot;,&quot;iso&quot;:&quot;0&quot;,&quot;shutter_speed&quot;:&quot;0&quot;,&quot;title&quot;:&quot;&quot;,&quot;orientation&quot;:&quot;0&quot;}\" data-image-title=\"Applique murale, HEXO mini 2.0, noir, H20cm, \u00d87,7cm &amp;#8211; Wever&amp;amp;Ducr\u00e9\" data-image-description=\"\" data-image-caption=\"\" data-large-file=\"https:\/\/i0.wp.com\/blog.nedgis.com\/wp-content\/uploads\/2019\/05\/applique-murale-hexo-mini-2.0-noir-h20cm-c39877cm-weverducrc3a9.jpg?fit=774%2C705&amp;ssl=1\" class=\"aligncenter wp-image-12683 size-full\" title=\"Applique murale, HEXO mini 2.0, noir, H20cm, \u00d87,7cm - Wever&amp;Ducr\u00e9\" src=\"https:\/\/i0.wp.com\/blog.nedgis.com\/wp-content\/uploads\/2019\/05\/applique-murale-hexo-mini-2.0-noir-h20cm-c39877cm-weverducrc3a9.jpg?resize=700%2C638&#038;ssl=1\" alt=\"Wever &amp; Ducr\u00e9 : Des luminaires classiques et d\u00e9co directement de Belgique avec amour !\" width=\"700\" height=\"638\" \/><\/a><a href=\"https:\/\/www.nedgis.com\/products\/applique-murale-hexo-mini-1-0-or-o7-7cm-h11-5cm-wever-ducre\"><img data-recalc-dims=\"1\" loading=\"lazy\" decoding=\"async\" data-attachment-id=\"12684\" data-permalink=\"https:\/\/blog.nedgis.com\/es\/2019\/06\/02\/weverducre-des-luminaires-classiques-et-deco-directement-de-belgique-avec-amour\/applique-murale-hexo-mini-1-0-or-o77cm-h115cm-weverducre\/\" data-orig-file=\"https:\/\/i0.wp.com\/blog.nedgis.com\/wp-content\/uploads\/2019\/05\/applique-murale-hexo-mini-1.0-or-c39877cm-h115cm-weverducrc3a9.jpg?fit=774%2C705&amp;ssl=1\" data-orig-size=\"774,705\" data-comments-opened=\"1\" data-image-meta=\"{&quot;aperture&quot;:&quot;0&quot;,&quot;credit&quot;:&quot;&quot;,&quot;camera&quot;:&quot;&quot;,&quot;caption&quot;:&quot;&quot;,&quot;created_timestamp&quot;:&quot;0&quot;,&quot;copyright&quot;:&quot;&quot;,&quot;focal_length&quot;:&quot;0&quot;,&quot;iso&quot;:&quot;0&quot;,&quot;shutter_speed&quot;:&quot;0&quot;,&quot;title&quot;:&quot;&quot;,&quot;orientation&quot;:&quot;0&quot;}\" data-image-title=\"Applique murale, Hexo mini 1.0, or, \u00d87,7cm, H11,5cm &amp;#8211; Wever&amp;amp;Ducr\u00e9\" data-image-description=\"\" data-image-caption=\"\" data-large-file=\"https:\/\/i0.wp.com\/blog.nedgis.com\/wp-content\/uploads\/2019\/05\/applique-murale-hexo-mini-1.0-or-c39877cm-h115cm-weverducrc3a9.jpg?fit=774%2C705&amp;ssl=1\" class=\"aligncenter wp-image-12684 size-full\" title=\"Applique murale, Hexo mini 1.0, or, \u00d87,7cm, H11,5cm - Wever&amp;Ducr\u00e9\" src=\"https:\/\/i0.wp.com\/blog.nedgis.com\/wp-content\/uploads\/2019\/05\/applique-murale-hexo-mini-1.0-or-c39877cm-h115cm-weverducrc3a9.jpg?resize=700%2C638&#038;ssl=1\" alt=\"Wever &amp; Ducr\u00e9 : Des luminaires classiques et d\u00e9co directement de Belgique avec amour !\" width=\"700\" height=\"638\" \/><\/a><a href=\"https:\/\/www.nedgis.com\/products\/spot-hexo-blanc-o12-7cm-wever-ducre\"><img data-recalc-dims=\"1\" loading=\"lazy\" decoding=\"async\" data-attachment-id=\"12685\" data-permalink=\"https:\/\/blog.nedgis.com\/es\/2019\/06\/02\/weverducre-des-luminaires-classiques-et-deco-directement-de-belgique-avec-amour\/plafonnier-spot-hexo-led-blanc-h10cm-o127cm-wever-ducre\/\" data-orig-file=\"https:\/\/i0.wp.com\/blog.nedgis.com\/wp-content\/uploads\/2019\/05\/plafonnier-spot-hexo-led-blanc-h10cm-c398127cm-wever-ducre.jpg?fit=774%2C705&amp;ssl=1\" data-orig-size=\"774,705\" data-comments-opened=\"1\" data-image-meta=\"{&quot;aperture&quot;:&quot;0&quot;,&quot;credit&quot;:&quot;&quot;,&quot;camera&quot;:&quot;&quot;,&quot;caption&quot;:&quot;&quot;,&quot;created_timestamp&quot;:&quot;0&quot;,&quot;copyright&quot;:&quot;&quot;,&quot;focal_length&quot;:&quot;0&quot;,&quot;iso&quot;:&quot;0&quot;,&quot;shutter_speed&quot;:&quot;0&quot;,&quot;title&quot;:&quot;&quot;,&quot;orientation&quot;:&quot;1&quot;}\" data-image-title=\"Plafonnier, Spot, Hexo, LED, blanc, H10cm, \u00d812,7cm &amp;#8211; Wever &amp;amp; Ducre\" data-image-description=\"\" data-image-caption=\"\" data-large-file=\"https:\/\/i0.wp.com\/blog.nedgis.com\/wp-content\/uploads\/2019\/05\/plafonnier-spot-hexo-led-blanc-h10cm-c398127cm-wever-ducre.jpg?fit=774%2C705&amp;ssl=1\" class=\"aligncenter wp-image-12685 size-full\" title=\"Plafonnier, Spot, Hexo, LED, blanc, H10cm, \u00d812,7cm - Wever &amp; Ducre\" src=\"https:\/\/i0.wp.com\/blog.nedgis.com\/wp-content\/uploads\/2019\/05\/plafonnier-spot-hexo-led-blanc-h10cm-c398127cm-wever-ducre.jpg?resize=700%2C638&#038;ssl=1\" alt=\"Wever &amp; Ducr\u00e9 : Des luminaires classiques et d\u00e9co directement de Belgique avec amour !\" width=\"700\" height=\"638\" \/><\/a><\/p>\n<p><a href=\"https:\/\/www.nedgis.com\/products\/lustre-5-suspensions-hexo-multi-3-0-par16-or-l90cm-o7-7-wever-ducre\"><img data-recalc-dims=\"1\" loading=\"lazy\" decoding=\"async\" data-attachment-id=\"12686\" data-permalink=\"https:\/\/blog.nedgis.com\/es\/2019\/06\/02\/weverducre-des-luminaires-classiques-et-deco-directement-de-belgique-avec-amour\/lustre-5-suspensions-hexo-multi-3-0-par16-or-l150cm-h30cm-o77cm-weverducre\/\" data-orig-file=\"https:\/\/i0.wp.com\/blog.nedgis.com\/wp-content\/uploads\/2019\/05\/lustre-5-suspensions-hexo-multi-3.0-par16-or-l150cm-h30cm-c39877cm-weverducrc3a9.jpeg?fit=774%2C705&amp;ssl=1\" data-orig-size=\"774,705\" data-comments-opened=\"1\" data-image-meta=\"{&quot;aperture&quot;:&quot;0&quot;,&quot;credit&quot;:&quot;&quot;,&quot;camera&quot;:&quot;&quot;,&quot;caption&quot;:&quot;&quot;,&quot;created_timestamp&quot;:&quot;0&quot;,&quot;copyright&quot;:&quot;&quot;,&quot;focal_length&quot;:&quot;0&quot;,&quot;iso&quot;:&quot;0&quot;,&quot;shutter_speed&quot;:&quot;0&quot;,&quot;title&quot;:&quot;&quot;,&quot;orientation&quot;:&quot;0&quot;}\" data-image-title=\"Lustre, 5 suspensions HEXO MULTI 3.0 PAR16, or, L150cm, H30cm, \u00d87,7cm &amp;#8211; Wever &amp;amp; Ducr\u00e9\" data-image-description=\"\" data-image-caption=\"\" data-large-file=\"https:\/\/i0.wp.com\/blog.nedgis.com\/wp-content\/uploads\/2019\/05\/lustre-5-suspensions-hexo-multi-3.0-par16-or-l150cm-h30cm-c39877cm-weverducrc3a9.jpeg?fit=774%2C705&amp;ssl=1\" class=\"aligncenter wp-image-12686 size-full\" title=\"Lustre, 5 suspensions HEXO MULTI 3.0 PAR16, or, L150cm, H30cm, \u00d87,7cm - Wever &amp; Ducr\u00e9\" src=\"https:\/\/i0.wp.com\/blog.nedgis.com\/wp-content\/uploads\/2019\/05\/lustre-5-suspensions-hexo-multi-3.0-par16-or-l150cm-h30cm-c39877cm-weverducrc3a9.jpeg?resize=700%2C638&#038;ssl=1\" alt=\"Wever &amp; Ducr\u00e9 : Des luminaires classiques et d\u00e9co directement de Belgique avec amour !\" width=\"700\" height=\"638\" \/><\/a><\/p>\n<p><a href=\"https:\/\/www.nedgis.com\/products\/suspension-hexo-3-0-par16-or-h30cm-wever-ducre\"><img data-recalc-dims=\"1\" loading=\"lazy\" decoding=\"async\" data-attachment-id=\"12687\" data-permalink=\"https:\/\/blog.nedgis.com\/es\/2019\/06\/02\/weverducre-des-luminaires-classiques-et-deco-directement-de-belgique-avec-amour\/suspension-hexo-3-0-par16-or-o77cm-h30cm-weverducre\/\" data-orig-file=\"https:\/\/i0.wp.com\/blog.nedgis.com\/wp-content\/uploads\/2019\/05\/suspension-hexo-3.0-par16-or-c39877cm-h30cm-weverducrc3a9.jpeg?fit=774%2C705&amp;ssl=1\" data-orig-size=\"774,705\" data-comments-opened=\"1\" data-image-meta=\"{&quot;aperture&quot;:&quot;0&quot;,&quot;credit&quot;:&quot;&quot;,&quot;camera&quot;:&quot;&quot;,&quot;caption&quot;:&quot;&quot;,&quot;created_timestamp&quot;:&quot;0&quot;,&quot;copyright&quot;:&quot;&quot;,&quot;focal_length&quot;:&quot;0&quot;,&quot;iso&quot;:&quot;0&quot;,&quot;shutter_speed&quot;:&quot;0&quot;,&quot;title&quot;:&quot;&quot;,&quot;orientation&quot;:&quot;0&quot;}\" data-image-title=\"Suspension, HEXO 3.0 PAR16, or, \u00d87,7cm, H30cm &amp;#8211; Wever &amp;amp; Ducr\u00e9\" data-image-description=\"\" data-image-caption=\"\" data-large-file=\"https:\/\/i0.wp.com\/blog.nedgis.com\/wp-content\/uploads\/2019\/05\/suspension-hexo-3.0-par16-or-c39877cm-h30cm-weverducrc3a9.jpeg?fit=774%2C705&amp;ssl=1\" class=\"aligncenter wp-image-12687 size-full\" title=\"Suspension, HEXO 3.0 PAR16, or, \u00d87,7cm, H30cm - Wever &amp; Ducr\u00e9\" src=\"https:\/\/i0.wp.com\/blog.nedgis.com\/wp-content\/uploads\/2019\/05\/suspension-hexo-3.0-par16-or-c39877cm-h30cm-weverducrc3a9.jpeg?resize=700%2C638&#038;ssl=1\" alt=\"Wever &amp; Ducr\u00e9 : Des luminaires classiques et d\u00e9co directement de Belgique avec amour !\" width=\"700\" height=\"638\" \/><\/a><a href=\"https:\/\/www.nedgis.com\/products\/suspension-hexo-3-0-led-3000k-noir-h30cm-wever-ducre\"><img data-recalc-dims=\"1\" loading=\"lazy\" decoding=\"async\" data-attachment-id=\"12689\" data-permalink=\"https:\/\/blog.nedgis.com\/es\/2019\/06\/02\/weverducre-des-luminaires-classiques-et-deco-directement-de-belgique-avec-amour\/suspension-hexo-3-0-led-3000k-noir-h30cm-weverducre\/\" data-orig-file=\"https:\/\/i0.wp.com\/blog.nedgis.com\/wp-content\/uploads\/2019\/05\/suspension-hexo-3.0-led-3000k-noir-h30cm-weverducrc3a9.jpg?fit=702%2C345&amp;ssl=1\" data-orig-size=\"702,345\" data-comments-opened=\"1\" data-image-meta=\"{&quot;aperture&quot;:&quot;0&quot;,&quot;credit&quot;:&quot;&quot;,&quot;camera&quot;:&quot;&quot;,&quot;caption&quot;:&quot;&quot;,&quot;created_timestamp&quot;:&quot;0&quot;,&quot;copyright&quot;:&quot;&quot;,&quot;focal_length&quot;:&quot;0&quot;,&quot;iso&quot;:&quot;0&quot;,&quot;shutter_speed&quot;:&quot;0&quot;,&quot;title&quot;:&quot;&quot;,&quot;orientation&quot;:&quot;0&quot;}\" data-image-title=\"Suspension, HEXO 3.0 LED, 3000K, noir, H30cm &amp;#8211; Wever &amp;amp; Ducr\u00e9\" data-image-description=\"\" data-image-caption=\"\" data-large-file=\"https:\/\/i0.wp.com\/blog.nedgis.com\/wp-content\/uploads\/2019\/05\/suspension-hexo-3.0-led-3000k-noir-h30cm-weverducrc3a9.jpg?fit=702%2C345&amp;ssl=1\" class=\"aligncenter wp-image-12689 size-full\" title=\"Suspension, HEXO 3.0 LED, 3000K, noir, H30cm - Wever &amp; Ducr\u00e9\" src=\"https:\/\/i0.wp.com\/blog.nedgis.com\/wp-content\/uploads\/2019\/05\/suspension-hexo-3.0-led-3000k-noir-h30cm-weverducrc3a9.jpg?resize=700%2C344&#038;ssl=1\" alt=\"Wever &amp; Ducr\u00e9 : Des luminaires classiques et d\u00e9co directement de Belgique avec amour !\" width=\"700\" height=\"344\" \/><\/a><\/p>\n<p>Un autre mod\u00e8le appr\u00e9ci\u00e9 de tous, est la collection <span style=\"color:#333399;\"><a style=\"color:#333399;\" href=\"https:\/\/www.nedgis.com\/q\/marque--wever-ducre?utf8=%E2%9C%93&amp;keywords=ray\">Ray<\/a><\/span>, qui se d\u00e9cline en applique, en plafonnier et en suspension. Assez semblable \u00e0 <span style=\"color:#333399;\"><a style=\"color:#333399;\" href=\"https:\/\/www.nedgis.com\/q\/marque--wever-ducre\/modele--hexo\">Hexo<\/a><\/span>, celle-ci est en forme sph\u00e9rique. Faite en aluminium bross\u00e9, elle offre le charme et la d\u00e9licatesse qu\u2019il manque \u00e0 un espace. De plus, elle offre de beaux jeux de lumi\u00e8re sur vos murs gr\u00e2ce \u00e0 son \u00e9clairage orient\u00e9 vers le haut et vers le bas.<\/p>\n<p><a href=\"https:\/\/www.nedgis.com\/products\/applique-murale-ray-mini-2-0-cuivre-o6-7cm-h20cm-wever-ducre\"><img data-recalc-dims=\"1\" loading=\"lazy\" decoding=\"async\" data-attachment-id=\"12690\" data-permalink=\"https:\/\/blog.nedgis.com\/es\/2019\/06\/02\/weverducre-des-luminaires-classiques-et-deco-directement-de-belgique-avec-amour\/applique-murale-ray-mini-2-0-cuivre-o67cm-h20cm-weverducre\/\" data-orig-file=\"https:\/\/i0.wp.com\/blog.nedgis.com\/wp-content\/uploads\/2019\/05\/applique-murale-ray-mini-2.0-cuivre-c39867cm-h20cm-weverducrc3a9.jpg?fit=774%2C705&amp;ssl=1\" data-orig-size=\"774,705\" data-comments-opened=\"1\" data-image-meta=\"{&quot;aperture&quot;:&quot;0&quot;,&quot;credit&quot;:&quot;&quot;,&quot;camera&quot;:&quot;&quot;,&quot;caption&quot;:&quot;&quot;,&quot;created_timestamp&quot;:&quot;0&quot;,&quot;copyright&quot;:&quot;&quot;,&quot;focal_length&quot;:&quot;0&quot;,&quot;iso&quot;:&quot;0&quot;,&quot;shutter_speed&quot;:&quot;0&quot;,&quot;title&quot;:&quot;&quot;,&quot;orientation&quot;:&quot;0&quot;}\" data-image-title=\"Applique murale, RAY mini 2.0, cuivre, \u00d86,7cm, H20cm &amp;#8211; Wever&amp;amp;Ducr\u00e9\" data-image-description=\"\" data-image-caption=\"\" data-large-file=\"https:\/\/i0.wp.com\/blog.nedgis.com\/wp-content\/uploads\/2019\/05\/applique-murale-ray-mini-2.0-cuivre-c39867cm-h20cm-weverducrc3a9.jpg?fit=774%2C705&amp;ssl=1\" class=\"aligncenter wp-image-12690 size-full\" title=\"Applique murale, RAY mini 2.0, cuivre, \u00d86,7cm, H20cm - Wever&amp;Ducr\u00e9\" src=\"https:\/\/i0.wp.com\/blog.nedgis.com\/wp-content\/uploads\/2019\/05\/applique-murale-ray-mini-2.0-cuivre-c39867cm-h20cm-weverducrc3a9.jpg?resize=700%2C638&#038;ssl=1\" alt=\"Wever &amp; Ducr\u00e9 : Des luminaires classiques et d\u00e9co directement de Belgique avec amour !\" width=\"700\" height=\"638\" \/><\/a><a href=\"https:\/\/www.nedgis.com\/products\/applique-murale-ray-1-0-noir-o15cm-h10cm-wever-ducre\"><img data-recalc-dims=\"1\" loading=\"lazy\" decoding=\"async\" data-attachment-id=\"12691\" data-permalink=\"https:\/\/blog.nedgis.com\/es\/2019\/06\/02\/weverducre-des-luminaires-classiques-et-deco-directement-de-belgique-avec-amour\/applique-murale-ray-1-0-noir-o15cm-h10cm-weverducre\/\" data-orig-file=\"https:\/\/i0.wp.com\/blog.nedgis.com\/wp-content\/uploads\/2019\/05\/applique-murale-ray-1.0-noir-c39815cm-h10cm-weverducrc3a9.jpg?fit=774%2C705&amp;ssl=1\" data-orig-size=\"774,705\" data-comments-opened=\"1\" data-image-meta=\"{&quot;aperture&quot;:&quot;0&quot;,&quot;credit&quot;:&quot;&quot;,&quot;camera&quot;:&quot;&quot;,&quot;caption&quot;:&quot;&quot;,&quot;created_timestamp&quot;:&quot;0&quot;,&quot;copyright&quot;:&quot;&quot;,&quot;focal_length&quot;:&quot;0&quot;,&quot;iso&quot;:&quot;0&quot;,&quot;shutter_speed&quot;:&quot;0&quot;,&quot;title&quot;:&quot;&quot;,&quot;orientation&quot;:&quot;0&quot;}\" data-image-title=\"Applique murale, RAY 1.0, noir, \u00d815cm, H10cm &amp;#8211; Wever&amp;amp;Ducr\u00e9\" data-image-description=\"\" data-image-caption=\"\" data-large-file=\"https:\/\/i0.wp.com\/blog.nedgis.com\/wp-content\/uploads\/2019\/05\/applique-murale-ray-1.0-noir-c39815cm-h10cm-weverducrc3a9.jpg?fit=774%2C705&amp;ssl=1\" class=\"aligncenter wp-image-12691 size-full\" title=\"Applique murale, RAY 1.0, noir, \u00d815cm, H10cm - Wever&amp;Ducr\u00e9\" src=\"https:\/\/i0.wp.com\/blog.nedgis.com\/wp-content\/uploads\/2019\/05\/applique-murale-ray-1.0-noir-c39815cm-h10cm-weverducrc3a9.jpg?resize=700%2C638&#038;ssl=1\" alt=\"Wever &amp; Ducr\u00e9 : Des luminaires classiques et d\u00e9co directement de Belgique avec amour !\" width=\"700\" height=\"638\" \/><\/a><a href=\"https:\/\/www.nedgis.com\/products\/applique-murale-ray-1-0-blanc-o15cm-h10cm-wever-ducre\"><img data-recalc-dims=\"1\" loading=\"lazy\" decoding=\"async\" data-attachment-id=\"12692\" data-permalink=\"https:\/\/blog.nedgis.com\/es\/2019\/06\/02\/weverducre-des-luminaires-classiques-et-deco-directement-de-belgique-avec-amour\/applique-murale-ray-1-0-blanc-o15cm-h10cm-weverducre\/\" data-orig-file=\"https:\/\/i0.wp.com\/blog.nedgis.com\/wp-content\/uploads\/2019\/05\/applique-murale-ray-1.0-blanc-c39815cm-h10cm-weverducrc3a9.jpg?fit=774%2C705&amp;ssl=1\" data-orig-size=\"774,705\" data-comments-opened=\"1\" data-image-meta=\"{&quot;aperture&quot;:&quot;0&quot;,&quot;credit&quot;:&quot;&quot;,&quot;camera&quot;:&quot;&quot;,&quot;caption&quot;:&quot;&quot;,&quot;created_timestamp&quot;:&quot;0&quot;,&quot;copyright&quot;:&quot;&quot;,&quot;focal_length&quot;:&quot;0&quot;,&quot;iso&quot;:&quot;0&quot;,&quot;shutter_speed&quot;:&quot;0&quot;,&quot;title&quot;:&quot;&quot;,&quot;orientation&quot;:&quot;0&quot;}\" data-image-title=\"Applique murale, RAY 1.0, blanc, \u00d815cm, H10cm &amp;#8211; Wever&amp;amp;Ducr\u00e9\" data-image-description=\"\" data-image-caption=\"\" data-large-file=\"https:\/\/i0.wp.com\/blog.nedgis.com\/wp-content\/uploads\/2019\/05\/applique-murale-ray-1.0-blanc-c39815cm-h10cm-weverducrc3a9.jpg?fit=774%2C705&amp;ssl=1\" class=\"aligncenter size-full wp-image-12692\" src=\"https:\/\/i0.wp.com\/blog.nedgis.com\/wp-content\/uploads\/2019\/05\/applique-murale-ray-1.0-blanc-c39815cm-h10cm-weverducrc3a9.jpg?resize=700%2C638&#038;ssl=1\" alt=\"Wever &amp; Ducr\u00e9 : Des luminaires classiques et d\u00e9co directement de Belgique avec amour !\" width=\"700\" height=\"638\" \/><\/a><a href=\"https:\/\/www.nedgis.com\/products\/plafonnier-ray-1-0-noir-o11-4cm-h10cm-wever-ducre\"><img data-recalc-dims=\"1\" loading=\"lazy\" decoding=\"async\" data-attachment-id=\"12693\" data-permalink=\"https:\/\/blog.nedgis.com\/es\/2019\/06\/02\/weverducre-des-luminaires-classiques-et-deco-directement-de-belgique-avec-amour\/plafonnier-ray-1-0-noir-o114cm-h10cm-weverducre\/\" data-orig-file=\"https:\/\/i0.wp.com\/blog.nedgis.com\/wp-content\/uploads\/2019\/05\/plafonnier-ray-1.0-noir-c398114cm-h10cm-weverducrc3a9.jpg?fit=774%2C705&amp;ssl=1\" data-orig-size=\"774,705\" data-comments-opened=\"1\" data-image-meta=\"{&quot;aperture&quot;:&quot;0&quot;,&quot;credit&quot;:&quot;&quot;,&quot;camera&quot;:&quot;&quot;,&quot;caption&quot;:&quot;&quot;,&quot;created_timestamp&quot;:&quot;0&quot;,&quot;copyright&quot;:&quot;&quot;,&quot;focal_length&quot;:&quot;0&quot;,&quot;iso&quot;:&quot;0&quot;,&quot;shutter_speed&quot;:&quot;0&quot;,&quot;title&quot;:&quot;&quot;,&quot;orientation&quot;:&quot;0&quot;}\" data-image-title=\"Plafonnier, Ray 1.0, noir, \u00d811,4cm, H10cm &amp;#8211; Wever&amp;amp;Ducr\u00e9\" data-image-description=\"\" data-image-caption=\"\" data-large-file=\"https:\/\/i0.wp.com\/blog.nedgis.com\/wp-content\/uploads\/2019\/05\/plafonnier-ray-1.0-noir-c398114cm-h10cm-weverducrc3a9.jpg?fit=774%2C705&amp;ssl=1\" class=\"aligncenter wp-image-12693 size-full\" title=\"Plafonnier, Ray 1.0, noir, \u00d811,4cm, H10cm - Wever&amp;Ducr\u00e9\" src=\"https:\/\/i0.wp.com\/blog.nedgis.com\/wp-content\/uploads\/2019\/05\/plafonnier-ray-1.0-noir-c398114cm-h10cm-weverducrc3a9.jpg?resize=700%2C638&#038;ssl=1\" alt=\"Wever &amp; Ducr\u00e9 : Des luminaires classiques et d\u00e9co directement de Belgique avec amour !\" width=\"700\" height=\"638\" \/><\/a><a href=\"https:\/\/www.nedgis.com\/products\/plafonnier-ray-1-0-blanc-o11-4cm-h10cm-wever-ducre\"><img data-recalc-dims=\"1\" loading=\"lazy\" decoding=\"async\" data-attachment-id=\"12694\" data-permalink=\"https:\/\/blog.nedgis.com\/es\/2019\/06\/02\/weverducre-des-luminaires-classiques-et-deco-directement-de-belgique-avec-amour\/plafonnier-ray-1-0-blanc-o114cm-h10cm-weverducre\/\" data-orig-file=\"https:\/\/i0.wp.com\/blog.nedgis.com\/wp-content\/uploads\/2019\/05\/plafonnier-ray-1.0-blanc-c398114cm-h10cm-weverducrc3a9.png?fit=774%2C705&amp;ssl=1\" data-orig-size=\"774,705\" data-comments-opened=\"1\" data-image-meta=\"{&quot;aperture&quot;:&quot;0&quot;,&quot;credit&quot;:&quot;&quot;,&quot;camera&quot;:&quot;&quot;,&quot;caption&quot;:&quot;&quot;,&quot;created_timestamp&quot;:&quot;0&quot;,&quot;copyright&quot;:&quot;&quot;,&quot;focal_length&quot;:&quot;0&quot;,&quot;iso&quot;:&quot;0&quot;,&quot;shutter_speed&quot;:&quot;0&quot;,&quot;title&quot;:&quot;&quot;,&quot;orientation&quot;:&quot;0&quot;}\" data-image-title=\"Plafonnier, Ray 1.0, blanc, \u00d811,4cm, H10cm &amp;#8211; Wever&amp;amp;Ducr\u00e9\" data-image-description=\"\" data-image-caption=\"\" data-large-file=\"https:\/\/i0.wp.com\/blog.nedgis.com\/wp-content\/uploads\/2019\/05\/plafonnier-ray-1.0-blanc-c398114cm-h10cm-weverducrc3a9.png?fit=774%2C705&amp;ssl=1\" class=\"aligncenter wp-image-12694 size-full\" title=\"Plafonnier, Ray 1.0, blanc, \u00d811,4cm, H10cm - Wever&amp;Ducr\u00e9\" src=\"https:\/\/i0.wp.com\/blog.nedgis.com\/wp-content\/uploads\/2019\/05\/plafonnier-ray-1.0-blanc-c398114cm-h10cm-weverducrc3a9.png?resize=700%2C638&#038;ssl=1\" alt=\"Wever &amp; Ducr\u00e9 : Des luminaires classiques et d\u00e9co directement de Belgique avec amour !\" width=\"700\" height=\"638\" \/><\/a><\/p>\n<p><a href=\"https:\/\/www.nedgis.com\/products\/suspension-ray-3-0-par16-noir-h30cm-wever-ducre\"><img data-recalc-dims=\"1\" loading=\"lazy\" decoding=\"async\" data-attachment-id=\"12695\" data-permalink=\"https:\/\/blog.nedgis.com\/es\/2019\/06\/02\/weverducre-des-luminaires-classiques-et-deco-directement-de-belgique-avec-amour\/suspension-ray-3-0-par16-noir-o67cm-h30cm-weverducre\/\" data-orig-file=\"https:\/\/i0.wp.com\/blog.nedgis.com\/wp-content\/uploads\/2019\/05\/suspension-ray-3.0-par16-noir-c39867cm-h30cm-weverducrc3a9.jpg?fit=774%2C705&amp;ssl=1\" data-orig-size=\"774,705\" data-comments-opened=\"1\" data-image-meta=\"{&quot;aperture&quot;:&quot;0&quot;,&quot;credit&quot;:&quot;&quot;,&quot;camera&quot;:&quot;&quot;,&quot;caption&quot;:&quot;&quot;,&quot;created_timestamp&quot;:&quot;0&quot;,&quot;copyright&quot;:&quot;&quot;,&quot;focal_length&quot;:&quot;0&quot;,&quot;iso&quot;:&quot;0&quot;,&quot;shutter_speed&quot;:&quot;0&quot;,&quot;title&quot;:&quot;&quot;,&quot;orientation&quot;:&quot;1&quot;}\" data-image-title=\"Suspension, RAY, 3.0, PAR16, noir, \u00d86,7cm, H30cm &amp;#8211; Wever&amp;amp;Ducr\u00e9\" data-image-description=\"\" data-image-caption=\"\" data-large-file=\"https:\/\/i0.wp.com\/blog.nedgis.com\/wp-content\/uploads\/2019\/05\/suspension-ray-3.0-par16-noir-c39867cm-h30cm-weverducrc3a9.jpg?fit=774%2C705&amp;ssl=1\" class=\"aligncenter wp-image-12695 size-full\" title=\"Suspension, RAY, 3.0, PAR16, noir, \u00d86,7cm, H30cm - Wever&amp;Ducr\u00e9\" src=\"https:\/\/i0.wp.com\/blog.nedgis.com\/wp-content\/uploads\/2019\/05\/suspension-ray-3.0-par16-noir-c39867cm-h30cm-weverducrc3a9.jpg?resize=700%2C638&#038;ssl=1\" alt=\"Wever &amp; Ducr\u00e9 : Des luminaires classiques et d\u00e9co directement de Belgique avec amour !\" width=\"700\" height=\"638\" \/><\/a><\/p>\n<p>Classique, simple et contemporaine, la collection <span style=\"color:#333399;\"><a style=\"color:#333399;\" href=\"https:\/\/www.nedgis.com\/products?utf8=%E2%9C%93&amp;keywords=docus\">Docus<\/a><\/span> est elle aussi similaire \u00e0 ses camarades. Mais ici, elle se v\u00eatit d\u2019un design carr\u00e9. Ce luminaire design et intemporel procure une lumi\u00e8re en retrait non \u00e9blouissante.<\/p>\n<p><a href=\"https:\/\/www.nedgis.com\/products\/spot-plafonnier-docus-cuivre-gu10-1-0-par16-l9cm-h9-2cm-wever-ducre\"><img data-recalc-dims=\"1\" loading=\"lazy\" decoding=\"async\" data-attachment-id=\"12696\" data-permalink=\"https:\/\/blog.nedgis.com\/es\/2019\/06\/02\/weverducre-des-luminaires-classiques-et-deco-directement-de-belgique-avec-amour\/plafonnier-docus-cuivre-gu10-1-0-par16-l9cm-h92cm-wever-ducre\/\" data-orig-file=\"https:\/\/i0.wp.com\/blog.nedgis.com\/wp-content\/uploads\/2019\/05\/plafonnier-docus-cuivre-gu10-1.0-par16-l9cm-h92cm-wever-ducre.jpg?fit=774%2C705&amp;ssl=1\" data-orig-size=\"774,705\" data-comments-opened=\"1\" data-image-meta=\"{&quot;aperture&quot;:&quot;0&quot;,&quot;credit&quot;:&quot;&quot;,&quot;camera&quot;:&quot;&quot;,&quot;caption&quot;:&quot;&quot;,&quot;created_timestamp&quot;:&quot;0&quot;,&quot;copyright&quot;:&quot;&quot;,&quot;focal_length&quot;:&quot;0&quot;,&quot;iso&quot;:&quot;0&quot;,&quot;shutter_speed&quot;:&quot;0&quot;,&quot;title&quot;:&quot;&quot;,&quot;orientation&quot;:&quot;0&quot;}\" data-image-title=\"Plafonnier, Docus, cuivre, GU10, 1.0 PAR16, L9cm H9,2cm &amp;#8211; Wever-Ducre\" data-image-description=\"\" data-image-caption=\"\" data-large-file=\"https:\/\/i0.wp.com\/blog.nedgis.com\/wp-content\/uploads\/2019\/05\/plafonnier-docus-cuivre-gu10-1.0-par16-l9cm-h92cm-wever-ducre.jpg?fit=774%2C705&amp;ssl=1\" class=\"aligncenter wp-image-12696 size-full\" title=\"Plafonnier, Docus, cuivre, GU10, 1.0 PAR16, L9cm H9,2cm - Wever-Ducre\" src=\"https:\/\/i0.wp.com\/blog.nedgis.com\/wp-content\/uploads\/2019\/05\/plafonnier-docus-cuivre-gu10-1.0-par16-l9cm-h92cm-wever-ducre.jpg?resize=700%2C638&#038;ssl=1\" alt=\"Wever &amp; Ducr\u00e9 : Des luminaires classiques et d\u00e9co directement de Belgique avec amour !\" width=\"700\" height=\"638\" \/><\/a><a href=\"https:\/\/www.nedgis.com\/products\/applique-murale-docus-mini-2-0-noir-l6-7cm-h20cm-wever-ducre\"><img data-recalc-dims=\"1\" loading=\"lazy\" decoding=\"async\" data-attachment-id=\"12697\" data-permalink=\"https:\/\/blog.nedgis.com\/es\/2019\/06\/02\/weverducre-des-luminaires-classiques-et-deco-directement-de-belgique-avec-amour\/applique-murale-docus-mini-2-0-noir-l67cm-h20cm-weverducre\/\" data-orig-file=\"https:\/\/i0.wp.com\/blog.nedgis.com\/wp-content\/uploads\/2019\/05\/applique-murale-docus-mini-2.0-noir-l67cm-h20cm-weverducrc3a9.jpg?fit=774%2C705&amp;ssl=1\" data-orig-size=\"774,705\" data-comments-opened=\"1\" data-image-meta=\"{&quot;aperture&quot;:&quot;0&quot;,&quot;credit&quot;:&quot;&quot;,&quot;camera&quot;:&quot;&quot;,&quot;caption&quot;:&quot;&quot;,&quot;created_timestamp&quot;:&quot;0&quot;,&quot;copyright&quot;:&quot;&quot;,&quot;focal_length&quot;:&quot;0&quot;,&quot;iso&quot;:&quot;0&quot;,&quot;shutter_speed&quot;:&quot;0&quot;,&quot;title&quot;:&quot;&quot;,&quot;orientation&quot;:&quot;0&quot;}\" data-image-title=\"Applique murale, Docus mini 2.0, noir, L6,7cm, H20cm &amp;#8211; Wever&amp;amp;Ducr\u00e9\" data-image-description=\"\" data-image-caption=\"\" data-large-file=\"https:\/\/i0.wp.com\/blog.nedgis.com\/wp-content\/uploads\/2019\/05\/applique-murale-docus-mini-2.0-noir-l67cm-h20cm-weverducrc3a9.jpg?fit=774%2C705&amp;ssl=1\" class=\"aligncenter wp-image-12697 size-full\" title=\"Applique murale, Docus mini 2.0, noir, L6,7cm, H20cm - Wever&amp;Ducr\u00e9\" src=\"https:\/\/i0.wp.com\/blog.nedgis.com\/wp-content\/uploads\/2019\/05\/applique-murale-docus-mini-2.0-noir-l67cm-h20cm-weverducrc3a9.jpg?resize=700%2C638&#038;ssl=1\" alt=\"Wever &amp; Ducr\u00e9 : Des luminaires classiques et d\u00e9co directement de Belgique avec amour !\" width=\"700\" height=\"638\" \/><\/a><\/p>\n<ul>\n<li>Un esprit novateur\u00a0tr\u00e8s d\u00e9co :<\/li>\n<\/ul>\n<p>\u00ab Nous avons renouvel\u00e9 ce que nous sommes \u00bb. Continuellement en train de chercher de nouvelles fa\u00e7ons d\u2019\u00e9clairer, les fondateurs de la maison ont fait de l\u2019innovation leur marque de fabrique. En collaboration avec de jeunes designers, ils ont d\u00e9cid\u00e9 d\u2019ajouter de la fraicheur \u00e0 leurs designs.<\/p>\n<p>M\u00eame si elles restent chics, les <span style=\"color:#333399;\"><a style=\"color:#333399;\" href=\"https:\/\/www.nedgis.com\/q\/marque--wever-ducre\/pensez-y--nouveautes\">nouvelles collections de W&amp;D<\/a><\/span> montrent un d\u00e9cor plus apparent et tr\u00e8s d\u00e9coratif.<\/p>\n<p>Une collection qui repose sur le principe de design biophilique\u00a0: <span style=\"color:#333399;\"><a style=\"color:#333399;\" href=\"https:\/\/www.nedgis.com\/q\/marque--wever-ducre\/modele--dro\">Dro<\/a><\/span>.<\/p>\n<p>Les jeunes designers du <a href=\"https:\/\/www.nedgis.com\/designers\/13-9-design\"><span style=\"color:#000080;\"><span style=\"color:#333399;\">studio 13&amp;9<\/span><\/span><\/a> design expliquent\u00a0; \u00ab\u00a0il n\u2019est possible de capturer la beaut\u00e9 \u00e9ph\u00e9m\u00e8re d&rsquo;une goutte de ros\u00e9e seulement si l&rsquo;on se penche sur le ph\u00e9nom\u00e8ne \u00e0 l&rsquo;origine. En effet, c&rsquo;est d&rsquo;abord l&rsquo;effet hydrophobe qui permet \u00e0 l&rsquo;eau de perler ou d&rsquo;adh\u00e9rer; ainsi, des formes en suspension s&rsquo;\u00e9pousant les unes les autres se cr\u00e9ent \u00e0 la verticale.\u00a0\u00bb<\/p>\n<p>N\u2019imaginez pas, appr\u00e9ciez\u2026<\/p>\n<p><a href=\"https:\/\/www.nedgis.com\/products\/lampadaire-dro-floor-1-0-comp-noir-et-blanc-o41-5cm-h150-5cm-wever-ducre\"><img data-recalc-dims=\"1\" loading=\"lazy\" decoding=\"async\" data-attachment-id=\"12698\" data-permalink=\"https:\/\/blog.nedgis.com\/es\/2019\/06\/02\/weverducre-des-luminaires-classiques-et-deco-directement-de-belgique-avec-amour\/lampadaire-dro-floor-1-0-comp-noir-et-blanc-o415cm-h1505cm-weverducre\/\" data-orig-file=\"https:\/\/i0.wp.com\/blog.nedgis.com\/wp-content\/uploads\/2019\/05\/lampadaire-dro-floor-1.0-comp-noir-et-blanc-c398415cm-h1505cm-weverducrc3a9.jpg?fit=774%2C705&amp;ssl=1\" data-orig-size=\"774,705\" data-comments-opened=\"1\" data-image-meta=\"{&quot;aperture&quot;:&quot;0&quot;,&quot;credit&quot;:&quot;&quot;,&quot;camera&quot;:&quot;&quot;,&quot;caption&quot;:&quot;&quot;,&quot;created_timestamp&quot;:&quot;0&quot;,&quot;copyright&quot;:&quot;&quot;,&quot;focal_length&quot;:&quot;0&quot;,&quot;iso&quot;:&quot;0&quot;,&quot;shutter_speed&quot;:&quot;0&quot;,&quot;title&quot;:&quot;&quot;,&quot;orientation&quot;:&quot;0&quot;}\" data-image-title=\"Lampadaire, Dro floor 1.0 comp, noir et blanc, \u00d841,5cm, H150,5cm &amp;#8211; Wever&amp;amp;Ducr\u00e9\" data-image-description=\"\" data-image-caption=\"\" data-large-file=\"https:\/\/i0.wp.com\/blog.nedgis.com\/wp-content\/uploads\/2019\/05\/lampadaire-dro-floor-1.0-comp-noir-et-blanc-c398415cm-h1505cm-weverducrc3a9.jpg?fit=774%2C705&amp;ssl=1\" class=\"aligncenter wp-image-12698 size-full\" title=\"Lampadaire, Dro floor 1.0 comp, noir et blanc, \u00d841,5cm, H150,5cm - Wever&amp;Ducr\u00e9\" src=\"https:\/\/i0.wp.com\/blog.nedgis.com\/wp-content\/uploads\/2019\/05\/lampadaire-dro-floor-1.0-comp-noir-et-blanc-c398415cm-h1505cm-weverducrc3a9.jpg?resize=700%2C638&#038;ssl=1\" alt=\"Wever &amp; Ducr\u00e9 : Des luminaires classiques et d\u00e9co directement de Belgique avec amour !\" width=\"700\" height=\"638\" \/><\/a><a href=\"https:\/\/www.nedgis.com\/products\/lampe-a-poser-dro-table-2-0-noir-ambre-o30cm-h54cm-wever-ducre\"><img data-recalc-dims=\"1\" loading=\"lazy\" decoding=\"async\" data-attachment-id=\"12699\" data-permalink=\"https:\/\/blog.nedgis.com\/es\/2019\/06\/02\/weverducre-des-luminaires-classiques-et-deco-directement-de-belgique-avec-amour\/lampe-a-poser-dro-table-2-0-noir-ambre-o30cm-h54cm-weverducre\/\" data-orig-file=\"https:\/\/i0.wp.com\/blog.nedgis.com\/wp-content\/uploads\/2019\/05\/lampe-c3a0-poser-dro-table-2.0-noir-ambre-c39830cm-h54cm-weverducrc3a9.jpg?fit=774%2C705&amp;ssl=1\" data-orig-size=\"774,705\" data-comments-opened=\"1\" data-image-meta=\"{&quot;aperture&quot;:&quot;0&quot;,&quot;credit&quot;:&quot;&quot;,&quot;camera&quot;:&quot;&quot;,&quot;caption&quot;:&quot;&quot;,&quot;created_timestamp&quot;:&quot;0&quot;,&quot;copyright&quot;:&quot;&quot;,&quot;focal_length&quot;:&quot;0&quot;,&quot;iso&quot;:&quot;0&quot;,&quot;shutter_speed&quot;:&quot;0&quot;,&quot;title&quot;:&quot;&quot;,&quot;orientation&quot;:&quot;0&quot;}\" data-image-title=\"Lampe \u00e0 poser, Dro table 2.0, noir, ambre, \u00d830cm, H54cm &amp;#8211; Wever&amp;amp;Ducr\u00e9\" data-image-description=\"\" data-image-caption=\"\" data-large-file=\"https:\/\/i0.wp.com\/blog.nedgis.com\/wp-content\/uploads\/2019\/05\/lampe-c3a0-poser-dro-table-2.0-noir-ambre-c39830cm-h54cm-weverducrc3a9.jpg?fit=774%2C705&amp;ssl=1\" class=\"aligncenter wp-image-12699 size-full\" title=\"Lampe \u00e0 poser, Dro table 2.0, noir, ambre, \u00d830cm, H54cm - Wever&amp;Ducr\u00e9\" src=\"https:\/\/i0.wp.com\/blog.nedgis.com\/wp-content\/uploads\/2019\/05\/lampe-c3a0-poser-dro-table-2.0-noir-ambre-c39830cm-h54cm-weverducrc3a9.jpg?resize=700%2C638&#038;ssl=1\" alt=\"Wever &amp; Ducr\u00e9 : Des luminaires classiques et d\u00e9co directement de Belgique avec amour !\" width=\"700\" height=\"638\" \/><\/a><\/p>\n<p><a href=\"https:\/\/www.nedgis.com\/designers\/13-9-design\"><span style=\"color:#000080;\"><span style=\"color:#333399;\">13&amp;9<\/span><\/span> <\/a>imagine aussi une nouvelle collection pour la maison belge.<\/p>\n<p>Selon eux, l&rsquo;\u00eatre humain est l&rsquo;\u00e9l\u00e9ment central. Ils souhaitent ainsi \u00e9tablir une connexion entre le produit et son utilisateur. Ce qui a \u00e9t\u00e9 possible avec <span style=\"color:#333399;\"><a style=\"color:#333399;\" href=\"https:\/\/www.nedgis.com\/q\/marque--wever-ducre\/modele--mirro\">Mirro<\/a><\/span> gr\u00e2ce \u00e0 sa surface r\u00e9fl\u00e9chissante en aluminium sur laquelle l&rsquo;observateur peut se refl\u00e9ter.<\/p>\n<p><a href=\"https:\/\/www.nedgis.com\/products\/lampe-a-poser-mirro-table-1-0-chrome-o30cm-h52-5cm-wever-ducre\"><img data-recalc-dims=\"1\" loading=\"lazy\" decoding=\"async\" data-attachment-id=\"12700\" data-permalink=\"https:\/\/blog.nedgis.com\/es\/2019\/06\/02\/weverducre-des-luminaires-classiques-et-deco-directement-de-belgique-avec-amour\/lampe-a-poser-mirro-table-1-0-chrome-o30cm-h525cm-weverducre\/\" data-orig-file=\"https:\/\/i0.wp.com\/blog.nedgis.com\/wp-content\/uploads\/2019\/05\/lampe-c3a0-poser-mirro-table-1.0-chrome-c39830cm-h525cm-weverducrc3a9.jpg?fit=774%2C705&amp;ssl=1\" data-orig-size=\"774,705\" data-comments-opened=\"1\" data-image-meta=\"{&quot;aperture&quot;:&quot;0&quot;,&quot;credit&quot;:&quot;&quot;,&quot;camera&quot;:&quot;&quot;,&quot;caption&quot;:&quot;&quot;,&quot;created_timestamp&quot;:&quot;0&quot;,&quot;copyright&quot;:&quot;&quot;,&quot;focal_length&quot;:&quot;0&quot;,&quot;iso&quot;:&quot;0&quot;,&quot;shutter_speed&quot;:&quot;0&quot;,&quot;title&quot;:&quot;&quot;,&quot;orientation&quot;:&quot;0&quot;}\" data-image-title=\"Lampe \u00e0 poser, Mirro table 1.0, chrome, \u00d830cm, H52,5cm &amp;#8211; Wever&amp;amp;Ducr\u00e9\" data-image-description=\"\" data-image-caption=\"\" data-large-file=\"https:\/\/i0.wp.com\/blog.nedgis.com\/wp-content\/uploads\/2019\/05\/lampe-c3a0-poser-mirro-table-1.0-chrome-c39830cm-h525cm-weverducrc3a9.jpg?fit=774%2C705&amp;ssl=1\" class=\"aligncenter wp-image-12700 size-full\" title=\"Lampe \u00e0 poser, Mirro table 1.0, chrome, \u00d830cm, H52,5cm - Wever&amp;Ducr\u00e9\" src=\"https:\/\/i0.wp.com\/blog.nedgis.com\/wp-content\/uploads\/2019\/05\/lampe-c3a0-poser-mirro-table-1.0-chrome-c39830cm-h525cm-weverducrc3a9.jpg?resize=700%2C638&#038;ssl=1\" alt=\"Wever &amp; Ducr\u00e9 : Des luminaires classiques et d\u00e9co directement de Belgique avec amour !\" width=\"700\" height=\"638\" \/><\/a><\/p>\n<p><a href=\"https:\/\/www.nedgis.com\/products\/plafonnier-mirro-ceiling-3-0-chrome-o75cm-h19cm-wever-ducre\"><img data-recalc-dims=\"1\" loading=\"lazy\" decoding=\"async\" data-attachment-id=\"12702\" data-permalink=\"https:\/\/blog.nedgis.com\/es\/2019\/06\/02\/weverducre-des-luminaires-classiques-et-deco-directement-de-belgique-avec-amour\/plafonnier-applique-murale-mirro-2-0-or-o45cm-h19cm-weverducre\/\" data-orig-file=\"https:\/\/i0.wp.com\/blog.nedgis.com\/wp-content\/uploads\/2019\/05\/plafonnier-applique-murale-mirro-2.0-or-c39845cm-h19cm-weverducrc3a9.jpg?fit=774%2C705&amp;ssl=1\" data-orig-size=\"774,705\" data-comments-opened=\"1\" data-image-meta=\"{&quot;aperture&quot;:&quot;0&quot;,&quot;credit&quot;:&quot;&quot;,&quot;camera&quot;:&quot;&quot;,&quot;caption&quot;:&quot;&quot;,&quot;created_timestamp&quot;:&quot;0&quot;,&quot;copyright&quot;:&quot;&quot;,&quot;focal_length&quot;:&quot;0&quot;,&quot;iso&quot;:&quot;0&quot;,&quot;shutter_speed&quot;:&quot;0&quot;,&quot;title&quot;:&quot;&quot;,&quot;orientation&quot;:&quot;0&quot;}\" data-image-title=\"Plafonnier, applique murale, Mirro, 2.0, or, \u00d845cm, H19cm &amp;#8211; Wever&amp;amp;Ducr\u00e9\" data-image-description=\"\" data-image-caption=\"\" data-large-file=\"https:\/\/i0.wp.com\/blog.nedgis.com\/wp-content\/uploads\/2019\/05\/plafonnier-applique-murale-mirro-2.0-or-c39845cm-h19cm-weverducrc3a9.jpg?fit=774%2C705&amp;ssl=1\" class=\"aligncenter wp-image-12702 size-full\" title=\"Plafonnier, applique murale, Mirro, 2.0, or, \u00d845cm, H19cm - Wever&amp;Ducr\u00e9\" src=\"https:\/\/i0.wp.com\/blog.nedgis.com\/wp-content\/uploads\/2019\/05\/plafonnier-applique-murale-mirro-2.0-or-c39845cm-h19cm-weverducrc3a9.jpg?resize=700%2C638&#038;ssl=1\" alt=\"Wever &amp; Ducr\u00e9 : Des luminaires classiques et d\u00e9co directement de Belgique avec amour !\" width=\"700\" height=\"638\" \/><\/a><a href=\"https:\/\/www.nedgis.com\/products\/suspension-mirro-suspended-2-0-chrome-o45cm-h20cm-wever-ducre\"><img data-recalc-dims=\"1\" loading=\"lazy\" decoding=\"async\" data-attachment-id=\"12703\" data-permalink=\"https:\/\/blog.nedgis.com\/es\/2019\/06\/02\/weverducre-des-luminaires-classiques-et-deco-directement-de-belgique-avec-amour\/suspension-mirro-suspended-2-0-chrome-o45cm-h20cm-weverducre\/\" data-orig-file=\"https:\/\/i0.wp.com\/blog.nedgis.com\/wp-content\/uploads\/2019\/05\/suspension-mirro-suspended-2.0-chrome-c39845cm-h20cm-weverducrc3a9.jpg?fit=774%2C705&amp;ssl=1\" data-orig-size=\"774,705\" data-comments-opened=\"1\" data-image-meta=\"{&quot;aperture&quot;:&quot;0&quot;,&quot;credit&quot;:&quot;&quot;,&quot;camera&quot;:&quot;&quot;,&quot;caption&quot;:&quot;&quot;,&quot;created_timestamp&quot;:&quot;0&quot;,&quot;copyright&quot;:&quot;&quot;,&quot;focal_length&quot;:&quot;0&quot;,&quot;iso&quot;:&quot;0&quot;,&quot;shutter_speed&quot;:&quot;0&quot;,&quot;title&quot;:&quot;&quot;,&quot;orientation&quot;:&quot;0&quot;}\" data-image-title=\"Suspension, Mirro suspended 2.0, chrome, \u00d845cm, H20cm &amp;#8211; Wever&amp;amp;Ducr\u00e9\" data-image-description=\"\" data-image-caption=\"\" data-large-file=\"https:\/\/i0.wp.com\/blog.nedgis.com\/wp-content\/uploads\/2019\/05\/suspension-mirro-suspended-2.0-chrome-c39845cm-h20cm-weverducrc3a9.jpg?fit=774%2C705&amp;ssl=1\" class=\"aligncenter wp-image-12703 size-full\" title=\"Suspension, Mirro suspended 2.0, chrome, \u00d845cm, H20cm - Wever&amp;Ducr\u00e9\" src=\"https:\/\/i0.wp.com\/blog.nedgis.com\/wp-content\/uploads\/2019\/05\/suspension-mirro-suspended-2.0-chrome-c39845cm-h20cm-weverducrc3a9.jpg?resize=700%2C638&#038;ssl=1\" alt=\"Wever &amp; Ducr\u00e9 : Des luminaires classiques et d\u00e9co directement de Belgique avec amour !\" width=\"700\" height=\"638\" \/><\/a><a href=\"https:\/\/www.nedgis.com\/products\/lampadaire-mirro-floor-2-0-or-o45cm-h157-5cm-wever-ducre\"><img data-recalc-dims=\"1\" loading=\"lazy\" decoding=\"async\" data-attachment-id=\"12704\" data-permalink=\"https:\/\/blog.nedgis.com\/es\/2019\/06\/02\/weverducre-des-luminaires-classiques-et-deco-directement-de-belgique-avec-amour\/lampadaire-mirro-floor-2-0-or-o45cm-h1575cm-weverducre\/\" data-orig-file=\"https:\/\/i0.wp.com\/blog.nedgis.com\/wp-content\/uploads\/2019\/05\/lampadaire-mirro-floor-2.0-or-c39845cm-h1575cm-weverducrc3a9.jpg?fit=774%2C705&amp;ssl=1\" data-orig-size=\"774,705\" data-comments-opened=\"1\" data-image-meta=\"{&quot;aperture&quot;:&quot;0&quot;,&quot;credit&quot;:&quot;&quot;,&quot;camera&quot;:&quot;&quot;,&quot;caption&quot;:&quot;&quot;,&quot;created_timestamp&quot;:&quot;0&quot;,&quot;copyright&quot;:&quot;&quot;,&quot;focal_length&quot;:&quot;0&quot;,&quot;iso&quot;:&quot;0&quot;,&quot;shutter_speed&quot;:&quot;0&quot;,&quot;title&quot;:&quot;&quot;,&quot;orientation&quot;:&quot;0&quot;}\" data-image-title=\"Lampadaire, Mirro floor 2.0, or, \u00d845cm, H157,5cm &amp;#8211; Wever&amp;amp;Ducr\u00e9\" data-image-description=\"\" data-image-caption=\"\" data-large-file=\"https:\/\/i0.wp.com\/blog.nedgis.com\/wp-content\/uploads\/2019\/05\/lampadaire-mirro-floor-2.0-or-c39845cm-h1575cm-weverducrc3a9.jpg?fit=774%2C705&amp;ssl=1\" class=\"aligncenter wp-image-12704 size-full\" title=\"Lampadaire, Mirro floor 2.0, or, \u00d845cm, H157,5cm - Wever&amp;Ducr\u00e9\" src=\"https:\/\/i0.wp.com\/blog.nedgis.com\/wp-content\/uploads\/2019\/05\/lampadaire-mirro-floor-2.0-or-c39845cm-h1575cm-weverducrc3a9.jpg?resize=700%2C638&#038;ssl=1\" alt=\"Wever &amp; Ducr\u00e9 : Des luminaires classiques et d\u00e9co directement de Belgique avec amour !\" width=\"700\" height=\"638\" \/><\/a><\/p>\n<p>Alors quelle collection vous inspire le plus\u00a0? <a href=\"https:\/\/www.nedgis.com\/q\/marque--wever-ducre\"><span style=\"color:#000080;\"><span style=\"color:#333399;\">D\u00e9couvrez-les<\/span><\/span><\/a> vite sur notre boutique\u00a0!<\/p>\n<hr \/>\n<p>Para m\u00e1s informaci\u00f3n, p\u00f3ngase en contacto con <a href=\"https:\/\/www.nedgis.com\/contacts\/new?is_pro=false\"><span style=\"color:#000080;\"><span style=\"color:#333399;\">contacto con nosotros.<\/span><\/span><\/a><span style=\"color:#333399;\">\u00a0<\/span>!<\/p>","protected":false},"excerpt":{"rendered":"<p>Depuis le d\u00e9but des ann\u00e9es 1980, la maison d\u2019\u00e9dition Wever &amp; Ducr\u00e9 est l\u2019une des plus renomm\u00e9es du luminaire. L\u2019histoire commence \u00e0 l\u2019arriv\u00e9e de jeunes belges qui d\u00e9cident de cr\u00e9er leur propre entreprise o\u00f9 ils proposent des luminaires de haute qualit\u00e9 et tr\u00e8s design.Mais pourquoi ce nom\u00a0? C&rsquo;est un probl\u00e8me en Belgique, car elle a [&hellip;]<\/p>\n","protected":false},"author":64499198,"featured_media":12687,"comment_status":"open","ping_status":"open","sticky":false,"template":"","format":"gallery","meta":{"_coblocks_attr":"","_coblocks_dimensions":"","_coblocks_responsive_height":"","_coblocks_accordion_ie_support":"","advanced_seo_description":"","jetpack_seo_html_title":"","jetpack_seo_noindex":false,"jetpack_seo_schema_type":"","_jetpack_newsletter_access":"","_jetpack_dont_email_post_to_subs":false,"_jetpack_newsletter_tier_id":0,"_jetpack_memberships_contains_paywalled_content":false,"_wpcom_ai_launchpad_first_post":false,"_jetpack_feature_clip_id":0,"_jetpack_memberships_contains_paid_content":false,"footnotes":"","jetpack_publicize_message":"Wever&Ducr\u00e9 : des luminaires classiques et d\u00e9co directement de Belgique avec amour !","jetpack_publicize_feature_enabled":true,"jetpack_social_post_already_shared":false,"jetpack_social_options":{"image_generator_settings":{"template":"highway","default_image_id":0,"font":"","enabled":false},"version":2},"_wpas_customize_per_network":false,"jetpack_post_was_ever_published":false},"categories":[350176],"tags":[593903709,593903711,678983127,679116613,678983129,679116605,678983108,679116609,593732172,678983112,678983123,12568558,678983121,12609654,585580990,73856661],"class_list":["post-12679","post","type-post","status-publish","format-gallery","has-post-thumbnail","hentry","category-luminaire","tag-applique-hexo-wever","tag-applique-hexo-wever-et-ducre","tag-applique-ray-wever","tag-applique-wever","tag-appliques-docus-wever","tag-collection-wirro","tag-docus-wever-et-ducre","tag-dro-wever-ducre","tag-lampe-hexo","tag-luminaire-docus","tag-luminaire-ray","tag-luminaires-design","tag-ray-wever-ducre","tag-wever-ducre","tag-wever-et-ducre","tag-weverducre","post_format-post-format-gallery"],"jetpack_publicize_connections":[],"jetpack_likes_enabled":true,"jetpack_sharing_enabled":true,"jetpack_shortlink":"https:\/\/wp.me\/p4ySCb-3iv","jetpack-related-posts":[],"jetpack_featured_media_url":"https:\/\/i0.wp.com\/blog.nedgis.com\/wp-content\/uploads\/2019\/05\/suspension-hexo-3.0-par16-or-c39877cm-h30cm-weverducrc3a9.jpeg?fit=774%2C705&ssl=1","_links":{"self":[{"href":"https:\/\/blog.nedgis.com\/es\/wp-json\/wp\/v2\/posts\/12679","targetHints":{"allow":["GET"]}}],"collection":[{"href":"https:\/\/blog.nedgis.com\/es\/wp-json\/wp\/v2\/posts"}],"about":[{"href":"https:\/\/blog.nedgis.com\/es\/wp-json\/wp\/v2\/types\/post"}],"author":[{"embeddable":true,"href":"https:\/\/blog.nedgis.com\/es\/wp-json\/wp\/v2\/users\/64499198"}],"replies":[{"embeddable":true,"href":"https:\/\/blog.nedgis.com\/es\/wp-json\/wp\/v2\/comments?post=12679"}],"version-history":[{"count":5,"href":"https:\/\/blog.nedgis.com\/es\/wp-json\/wp\/v2\/posts\/12679\/revisions"}],"predecessor-version":[{"id":12709,"href":"https:\/\/blog.nedgis.com\/es\/wp-json\/wp\/v2\/posts\/12679\/revisions\/12709"}],"wp:featuredmedia":[{"embeddable":true,"href":"https:\/\/blog.nedgis.com\/es\/wp-json\/wp\/v2\/media\/12687"}],"wp:attachment":[{"href":"https:\/\/blog.nedgis.com\/es\/wp-json\/wp\/v2\/media?parent=12679"}],"wp:term":[{"taxonomy":"category","embeddable":true,"href":"https:\/\/blog.nedgis.com\/es\/wp-json\/wp\/v2\/categories?post=12679"},{"taxonomy":"post_tag","embeddable":true,"href":"https:\/\/blog.nedgis.com\/es\/wp-json\/wp\/v2\/tags?post=12679"}],"curies":[{"name":"wp","href":"https:\/\/api.w.org\/{rel}","templated":true}]}}